{"id":3210,"date":"2025-08-12T14:30:08","date_gmt":"2025-08-12T18:30:08","guid":{"rendered":"https:\/\/radiopoloniawinnipeg.com\/index.php\/2025\/08\/12\/nowe-przepisy-nawet-5-tys-zlotych-kary-za-wyrzucenie-skarpetek-do-kosza\/"},"modified":"2025-08-12T14:30:08","modified_gmt":"2025-08-12T18:30:08","slug":"nowe-przepisy-nawet-5-tys-zlotych-kary-za-wyrzucenie-skarpetek-do-kosza","status":"publish","type":"post","link":"https:\/\/radiopoloniawinnipeg.com\/index.php\/2025\/08\/12\/nowe-przepisy-nawet-5-tys-zlotych-kary-za-wyrzucenie-skarpetek-do-kosza\/","title":{"rendered":"Nowe przepisy. Nawet 5 tys. z\u0142otych kary za wyrzucenie skarpetek do kosza"},"content":{"rendered":"<p><img decoding=\"async\" loading=\"lazy\" class=\"aligncenter size-custom-full-size wp-image-220444\" src=\"https:\/\/bejsment.com\/wp-content\/uploads\/2025\/08\/aaubrania-636x358.jpg\" alt=\"\" width=\"636\" height=\"358\" \/><\/p>\n<p><strong>Od pocz\u0105tku tego roku w Polsce obowi\u0105zuje unijny zakaz wyrzucania zu\u017cytej odzie\u017cy i innych tekstyli\u00f3w do pojemnik\u00f3w na odpady zmieszane. Nowe przepisy maj\u0105 ograniczy\u0107 ilo\u015b\u0107 odpad\u00f3w i zwi\u0119kszy\u0107 poziom recyklingu. Za z\u0142amanie zasad grozi mandat nawet do 5 tys. z\u0142 oraz podwy\u017cszenie op\u0142at za wyw\u00f3z \u015bmieci.<\/strong><\/p>\n<p>Cho\u0107 min\u0119\u0142o ju\u017c kilka miesi\u0119cy od wprowadzenia obowi\u0105zku, wielu Polak\u00f3w wci\u0105\u017c ma problem z prawid\u0142ow\u0105 segregacj\u0105. Cz\u0119\u015b\u0107 mieszka\u0144c\u00f3w nie wie, gdzie oddawa\u0107 stare ubrania, w efekcie wrzucaj\u0105c je do kontener\u00f3w Polskiego Czerwonego Krzy\u017ca lub innych organizacji pomocowych. Tymczasem zu\u017cyte tekstylia powinny trafia\u0107 wy\u0142\u0105cznie do Punkt\u00f3w Selektywnej Zbi\u00f3rki Odpad\u00f3w Komunalnych (PSZOK), kt\u00f3re cz\u0119sto znajduj\u0105 si\u0119 na obrze\u017cach miast.<\/p>\n<p>\u2013 Odpady tekstylne s\u0105 trudne i drogie w przetwarzaniu, a zgodnie z prawem nie mog\u0105 trafia\u0107 na sk\u0142adowiska \u2013 t\u0142umaczy Monika Michalska, ekoedukatorka znana jako \u201ePani od odpad\u00f3w\u201d. \u2013 Problem w tym, \u017ce mieszka\u0144cy cz\u0119sto nie maj\u0105 wygodnego dost\u0119pu do miejsc, w kt\u00f3rych mogliby je odda\u0107.<\/p>\n<h3><strong>PCK usuwa swoje kontenery<\/strong><\/h3>\n<p>Polski Czerwony Krzy\u017c zapowiedzia\u0142, \u017ce usuwa z ulic kontenery na u\u017cywan\u0105 odzie\u017c. Powodem jest nagminne wrzucanie do nich ubra\u0144 w z\u0142ym stanie, kt\u00f3rych organizacja nie mog\u0142a wykorzysta\u0107 i musia\u0142a utylizowa\u0107 na w\u0142asny koszt. Kontenery mia\u0142y s\u0142u\u017cy\u0107 wy\u0142\u0105cznie do zbierania odzie\u017cy nadaj\u0105cej si\u0119 do ponownego u\u017cytku.<\/p>\n<p style=\"text-align: right\"><em>Na podst. i.Pl<\/em><\/p>\n","protected":false},"excerpt":{"rendered":"<p>Od pocz\u0105tku tego roku w Polsce obowi\u0105zuje unijny zakaz wyrzucania zu\u017cytej odzie\u017cy i innych tekstyli\u00f3w do pojemnik\u00f3w na odpady zmieszane. Nowe przepisy maj\u0105 ograniczy\u0107 ilo\u015b\u0107&hellip;<\/p>\n","protected":false},"author":3,"featured_media":3211,"comment_status":"open","ping_status":"open","sticky":false,"template":"","format":"standard","meta":{"footnotes":""},"categories":[14,18],"tags":[],"class_list":["post-3210","post","type-post","status-publish","format-standard","has-post-thumbnail","hentry","category-polska","category-top-news"],"_links":{"self":[{"href":"https:\/\/radiopoloniawinnipeg.com\/index.php\/wp-json\/wp\/v2\/posts\/3210","targetHints":{"allow":["GET"]}}],"collection":[{"href":"https:\/\/radiopoloniawinnipeg.com\/index.php\/wp-json\/wp\/v2\/posts"}],"about":[{"href":"https:\/\/radiopoloniawinnipeg.com\/index.php\/wp-json\/wp\/v2\/types\/post"}],"author":[{"embeddable":true,"href":"https:\/\/radiopoloniawinnipeg.com\/index.php\/wp-json\/wp\/v2\/users\/3"}],"replies":[{"embeddable":true,"href":"https:\/\/radiopoloniawinnipeg.com\/index.php\/wp-json\/wp\/v2\/comments?post=3210"}],"version-history":[{"count":0,"href":"https:\/\/radiopoloniawinnipeg.com\/index.php\/wp-json\/wp\/v2\/posts\/3210\/revisions"}],"wp:featuredmedia":[{"embeddable":true,"href":"https:\/\/radiopoloniawinnipeg.com\/index.php\/wp-json\/wp\/v2\/media\/3211"}],"wp:attachment":[{"href":"https:\/\/radiopoloniawinnipeg.com\/index.php\/wp-json\/wp\/v2\/media?parent=3210"}],"wp:term":[{"taxonomy":"category","embeddable":true,"href":"https:\/\/radiopoloniawinnipeg.com\/index.php\/wp-json\/wp\/v2\/categories?post=3210"},{"taxonomy":"post_tag","embeddable":true,"href":"https:\/\/radiopoloniawinnipeg.com\/index.php\/wp-json\/wp\/v2\/tags?post=3210"}],"curies":[{"name":"wp","href":"https:\/\/api.w.org\/{rel}","templated":true}]}}