{"id":3216,"date":"2025-08-12T18:15:06","date_gmt":"2025-08-12T22:15:06","guid":{"rendered":"https:\/\/radiopoloniawinnipeg.com\/index.php\/2025\/08\/12\/spor-o-produkcje-amunicji-w-polsce\/"},"modified":"2025-08-12T18:15:06","modified_gmt":"2025-08-12T22:15:06","slug":"spor-o-produkcje-amunicji-w-polsce","status":"publish","type":"post","link":"https:\/\/radiopoloniawinnipeg.com\/index.php\/2025\/08\/12\/spor-o-produkcje-amunicji-w-polsce\/","title":{"rendered":"Sp\u00f3r o produkcj\u0119 amunicji w Polsce"},"content":{"rendered":"<div id=\"attachment_220448\" style=\"width: 646px\" class=\"wp-caption aligncenter\"><img decoding=\"async\" loading=\"lazy\" aria-describedby=\"caption-attachment-220448\" class=\"size-custom-full-size wp-image-220448\" src=\"https:\/\/bejsment.com\/wp-content\/uploads\/2025\/08\/aamentzen-636x478.jpg\" alt=\"\" width=\"636\" height=\"478\" \/><\/p>\n<p id=\"caption-attachment-220448\" class=\"wp-caption-text\">S\u0142awomir Mentzen<\/p>\n<\/div>\n<p><strong>S\u0142awomir Mentzen, lider Nowej Nadziei, skomentowa\u0142 w mediach spo\u0142eczno\u015bciowych wpis wiceministra obrony Cezarego Tomczyka, twierdz\u0105c, \u017ce polityk PO potwierdzi\u0142 jego wcze\u015bniejsze s\u0142owa.<\/strong><\/p>\n<p>\u201eProdukujemy rocznie amunicji artyleryjskiej na kilka dni wojny\u201d \u2013 napisa\u0142 Mentzen. Wed\u0142ug niego rz\u0105d planuje dopiero za kilka lat osi\u0105gn\u0105\u0107 poziom produkcji wystarczaj\u0105cy \u201ena miesi\u0105c z hakiem obrony\u201d. \u201eJeste\u015bcie niepowa\u017cni. \u0141adujecie kas\u0119 w jachty i swingers\u00f3w, a nie jeste\u015bcie w stanie zapewni\u0107 wojsku amunicji\u201d \u2013 doda\u0142.<\/p>\n<p>Cezary Tomczyk odpowiedzia\u0142, \u017ce Ukraina zu\u017cywa na froncie oko\u0142o 5 tys. sztuk amunicji kalibru 155 mm dziennie, a w 2023 roku produkcja w Polsce wynosi\u0142a zaledwie 5 tys. sztuk rocznie. \u2013 Dzi\u015b to ju\u017c oko\u0142o 50 tys. rocznie. W 2028 roku osi\u0105gniemy 200 tys. sztuk rocznie, ca\u0142o\u015b\u0107 produkcji wraz z licencj\u0105 b\u0119dzie w naszym kraju \u2013 zapewni\u0142. Podkre\u015bli\u0142, \u017ce rz\u0105d Donalda Tuska przeznaczy\u0142 2,5 mld z\u0142 na budow\u0119 trzech nowych fabryk amunicji, z czego 2 mld z\u0142 przekaza\u0142o MON. \u201eSuwerenno\u015b\u0107 amunicyjna to nasz absolutny cel\u201d \u2013 zaznaczy\u0142.<\/p>\n<p>W poniedzia\u0142ek premier Donald Tusk i wiceminister Tomczyk odwiedzili Zak\u0142ady Chemiczne \u201eNitro-Chem\u201d w Bydgoszczy \u2013 jednego z najwi\u0119kszych na \u015bwiecie producent\u00f3w trotylu i materia\u0142\u00f3w wybuchowych. Tusk przypomnia\u0142, \u017ce w grudniu 2023 roku produkcja pocisk\u00f3w 155 mm w Polsce wynosi\u0142a ok. 5 tys. rocznie, podczas gdy taka ilo\u015b\u0107 jest zu\u017cywana na froncie rosyjsko-ukrai\u0144skim w jeden dzie\u0144.<\/p>\n<p>\u2013 W tym roku osi\u0105gniemy blisko 30 tys., a w ci\u0105gu dw\u00f3ch lat blisko 200 tys. rocznie \u2013 zapowiedzia\u0142. Premier oceni\u0142, \u017ce pozwoli to w pe\u0142ni pokry\u0107 potrzeby polskiej armii w tym zakresie.<\/p>\n<p style=\"text-align: right\"><em>Na podst. i.Pl<\/em><\/p>\n","protected":false},"excerpt":{"rendered":"<p>S\u0142awomir Mentzen S\u0142awomir Mentzen, lider Nowej Nadziei, skomentowa\u0142 w mediach spo\u0142eczno\u015bciowych wpis wiceministra obrony Cezarego Tomczyka, twierdz\u0105c, \u017ce polityk PO potwierdzi\u0142 jego wcze\u015bniejsze s\u0142owa. \u201eProdukujemy&hellip;<\/p>\n","protected":false},"author":3,"featured_media":3217,"comment_status":"open","ping_status":"open","sticky":false,"template":"","format":"standard","meta":{"footnotes":""},"categories":[14,18],"tags":[],"class_list":["post-3216","post","type-post","status-publish","format-standard","has-post-thumbnail","hentry","category-polska","category-top-news"],"_links":{"self":[{"href":"https:\/\/radiopoloniawinnipeg.com\/index.php\/wp-json\/wp\/v2\/posts\/3216","targetHints":{"allow":["GET"]}}],"collection":[{"href":"https:\/\/radiopoloniawinnipeg.com\/index.php\/wp-json\/wp\/v2\/posts"}],"about":[{"href":"https:\/\/radiopoloniawinnipeg.com\/index.php\/wp-json\/wp\/v2\/types\/post"}],"author":[{"embeddable":true,"href":"https:\/\/radiopoloniawinnipeg.com\/index.php\/wp-json\/wp\/v2\/users\/3"}],"replies":[{"embeddable":true,"href":"https:\/\/radiopoloniawinnipeg.com\/index.php\/wp-json\/wp\/v2\/comments?post=3216"}],"version-history":[{"count":0,"href":"https:\/\/radiopoloniawinnipeg.com\/index.php\/wp-json\/wp\/v2\/posts\/3216\/revisions"}],"wp:featuredmedia":[{"embeddable":true,"href":"https:\/\/radiopoloniawinnipeg.com\/index.php\/wp-json\/wp\/v2\/media\/3217"}],"wp:attachment":[{"href":"https:\/\/radiopoloniawinnipeg.com\/index.php\/wp-json\/wp\/v2\/media?parent=3216"}],"wp:term":[{"taxonomy":"category","embeddable":true,"href":"https:\/\/radiopoloniawinnipeg.com\/index.php\/wp-json\/wp\/v2\/categories?post=3216"},{"taxonomy":"post_tag","embeddable":true,"href":"https:\/\/radiopoloniawinnipeg.com\/index.php\/wp-json\/wp\/v2\/tags?post=3216"}],"curies":[{"name":"wp","href":"https:\/\/api.w.org\/{rel}","templated":true}]}}