{"id":3226,"date":"2025-08-13T10:15:05","date_gmt":"2025-08-13T14:15:05","guid":{"rendered":"https:\/\/radiopoloniawinnipeg.com\/index.php\/2025\/08\/13\/afera-kpo-minister-wstrzymuje-wyplaty\/"},"modified":"2025-08-13T10:15:05","modified_gmt":"2025-08-13T14:15:05","slug":"afera-kpo-minister-wstrzymuje-wyplaty","status":"publish","type":"post","link":"https:\/\/radiopoloniawinnipeg.com\/index.php\/2025\/08\/13\/afera-kpo-minister-wstrzymuje-wyplaty\/","title":{"rendered":"Afera KPO &#8211; minister wstrzymuje wyp\u0142aty"},"content":{"rendered":"<div id=\"attachment_220517\" style=\"width: 646px\" class=\"wp-caption aligncenter\"><img decoding=\"async\" loading=\"lazy\" aria-describedby=\"caption-attachment-220517\" class=\"size-custom-full-size wp-image-220517\" src=\"https:\/\/bejsment.com\/wp-content\/uploads\/2025\/08\/aapelczynskanalecz-636x358.jpeg\" alt=\"\" width=\"636\" height=\"358\" \/><\/p>\n<p id=\"caption-attachment-220517\" class=\"wp-caption-text\">Katarzyna Pe\u0142czy\u0144ska-Na\u0142\u0119cz<\/p>\n<\/div>\n<p><strong>Minister Funduszy i Polityki Regionalnej Katarzyna Pe\u0142czy\u0144ska-Na\u0142\u0119cz og\u0142osi\u0142a, \u017ce \u015brodki z Krajowego Planu Odbudowy dla bran\u017cy HoReCa nie b\u0119d\u0105 wyp\u0142acane, dop\u00f3ki ka\u017cda umowa nie przejdzie kontroli. Ma to zwi\u0105zek z ujawnionymi nieprawid\u0142owo\u015bciami w programie.<\/strong><\/p>\n<p>Szefowa resortu poinformowa\u0142a, \u017ce trwaj\u0105 szerokie kontrole \u2013 zar\u00f3wno w Polskiej Agencji Rozwoju Przedsi\u0119biorczo\u015bci, jak i w\u015br\u00f3d operator\u00f3w um\u00f3w.<\/p>\n<p>\u2013 \u017badne \u015brodki nie zostan\u0105 przekazane, dop\u00f3ki konkretna umowa nie zostanie uznana za zgodn\u0105 z zasadami programu \u2013 podkre\u015bli\u0142a.<\/p>\n<p>Zaznaczy\u0142a, \u017ce wi\u0119kszo\u015b\u0107 \u015brodk\u00f3w jeszcze nie zosta\u0142a wyp\u0142acona \u2013 dot\u0105d trafi\u0142o do beneficjent\u00f3w 110 mln z\u0142 z 1,2 mld z\u0142 przewidzianych w projekcie.<\/p>\n<p>Pe\u0142czy\u0144ska-Na\u0142\u0119cz zapewni\u0142a, \u017ce dobrze przyznane dotacje b\u0119d\u0105 przekazywane na bie\u017c\u0105co po pozytywnej weryfikacji, a kontrole maj\u0105 by\u0107 \u201eprzyjazne dla przedsi\u0119biorc\u00f3w\u201d. Jednocze\u015bnie zapowiedzia\u0142a, \u017ce ka\u017cda nieprawid\u0142owa dotacja zostanie wstrzymana.<\/p>\n<p>Minister skrytykowa\u0142a tak\u017ce \u201egrup\u0119 internetowych aferzyst\u00f3w\u201d, kt\u00f3rzy \u2013 jej zdaniem \u2013 wykorzystuj\u0105 spraw\u0119 do prowadzenia antyunijnej kampanii, co szkodzi zar\u00f3wno projektowi, jak i beneficjentom.<\/p>\n<p>Szefowa MFiPR odnios\u0142a si\u0119 r\u00f3wnie\u017c do dymisji prezes PARP, Katarzyny Duber-Stachurskiej. Jak wyja\u015bni\u0142a, powodem by\u0142y opiesza\u0142e dzia\u0142ania i liczne skargi beneficjent\u00f3w, nie za\u015b ujawnione ostatnio nieprawid\u0142owo\u015bci.<\/p>\n<p>By\u0142a szefowa Agencji twierdzi jednak, \u017ce to ministerstwo ponosi pe\u0142n\u0105 odpowiedzialno\u015b\u0107 za kontrowersje wok\u00f3\u0142 programu, a sama Pe\u0142czy\u0144ska-Na\u0142\u0119cz mia\u0142a naciska\u0107 na z\u0142agodzenie zasad przyznawania \u015brodk\u00f3w.<\/p>\n<p style=\"text-align: right\"><em>Na podst. Polsat News<\/em><\/p>\n","protected":false},"excerpt":{"rendered":"<p>Katarzyna Pe\u0142czy\u0144ska-Na\u0142\u0119cz Minister Funduszy i Polityki Regionalnej Katarzyna Pe\u0142czy\u0144ska-Na\u0142\u0119cz og\u0142osi\u0142a, \u017ce \u015brodki z Krajowego Planu Odbudowy dla bran\u017cy HoReCa nie b\u0119d\u0105 wyp\u0142acane, dop\u00f3ki ka\u017cda umowa&hellip;<\/p>\n","protected":false},"author":3,"featured_media":3227,"comment_status":"open","ping_status":"open","sticky":false,"template":"","format":"standard","meta":{"footnotes":""},"categories":[14,18],"tags":[],"class_list":["post-3226","post","type-post","status-publish","format-standard","has-post-thumbnail","hentry","category-polska","category-top-news"],"_links":{"self":[{"href":"https:\/\/radiopoloniawinnipeg.com\/index.php\/wp-json\/wp\/v2\/posts\/3226","targetHints":{"allow":["GET"]}}],"collection":[{"href":"https:\/\/radiopoloniawinnipeg.com\/index.php\/wp-json\/wp\/v2\/posts"}],"about":[{"href":"https:\/\/radiopoloniawinnipeg.com\/index.php\/wp-json\/wp\/v2\/types\/post"}],"author":[{"embeddable":true,"href":"https:\/\/radiopoloniawinnipeg.com\/index.php\/wp-json\/wp\/v2\/users\/3"}],"replies":[{"embeddable":true,"href":"https:\/\/radiopoloniawinnipeg.com\/index.php\/wp-json\/wp\/v2\/comments?post=3226"}],"version-history":[{"count":0,"href":"https:\/\/radiopoloniawinnipeg.com\/index.php\/wp-json\/wp\/v2\/posts\/3226\/revisions"}],"wp:featuredmedia":[{"embeddable":true,"href":"https:\/\/radiopoloniawinnipeg.com\/index.php\/wp-json\/wp\/v2\/media\/3227"}],"wp:attachment":[{"href":"https:\/\/radiopoloniawinnipeg.com\/index.php\/wp-json\/wp\/v2\/media?parent=3226"}],"wp:term":[{"taxonomy":"category","embeddable":true,"href":"https:\/\/radiopoloniawinnipeg.com\/index.php\/wp-json\/wp\/v2\/categories?post=3226"},{"taxonomy":"post_tag","embeddable":true,"href":"https:\/\/radiopoloniawinnipeg.com\/index.php\/wp-json\/wp\/v2\/tags?post=3226"}],"curies":[{"name":"wp","href":"https:\/\/api.w.org\/{rel}","templated":true}]}}