{"id":3240,"date":"2025-08-14T07:45:05","date_gmt":"2025-08-14T11:45:05","guid":{"rendered":"https:\/\/radiopoloniawinnipeg.com\/index.php\/2025\/08\/14\/tusk-chce-z-nawrockim-ustalic-wspolny-front-ws-ukrainy\/"},"modified":"2025-08-14T07:45:05","modified_gmt":"2025-08-14T11:45:05","slug":"tusk-chce-z-nawrockim-ustalic-wspolny-front-ws-ukrainy","status":"publish","type":"post","link":"https:\/\/radiopoloniawinnipeg.com\/index.php\/2025\/08\/14\/tusk-chce-z-nawrockim-ustalic-wspolny-front-ws-ukrainy\/","title":{"rendered":"Tusk chce z Nawrockim ustali\u0107 wsp\u00f3lny front ws. Ukrainy"},"content":{"rendered":"<p><img decoding=\"async\" loading=\"lazy\" class=\"aligncenter size-custom-full-size wp-image-220572\" src=\"https:\/\/bejsment.com\/wp-content\/uploads\/2025\/08\/aatusknawrocki-636x358.jpg\" alt=\"\" width=\"636\" height=\"358\" \/><\/p>\n<p><strong>Premier Donald Tusk odni\u00f3s\u0142 si\u0119 do spotkania europejskich przyw\u00f3dc\u00f3w z prezydentem USA Donaldem Trumpem, na kt\u00f3rym Polsk\u0119 reprezentowa\u0142 prezydent Karol Nawrocki. Zapowiedzia\u0142, \u017ce w czwartek spotka si\u0119 z g\u0142ow\u0105 pa\u0144stwa, by om\u00f3wi\u0107 potrzeb\u0119 prezentowania jednolitego stanowiska Polski na arenie mi\u0119dzynarodowej. Kancelaria prezydenta potwierdzi\u0142a, \u017ce rozmowa odb\u0119dzie si\u0119 o godz. 12:00 w Pa\u0142acu Prezydenckim.<\/strong><\/p>\n<p>Tusk podkre\u015bli\u0142, \u017ce kluczowe by\u0142o, aby prezydent USA us\u0142ysza\u0142 sp\u00f3jny przekaz w sprawie Ukrainy, co uda\u0142o si\u0119 osi\u0105gn\u0105\u0107 dzi\u0119ki wielodniowym przygotowaniom na poziomie doradc\u00f3w, ministr\u00f3w i samych lider\u00f3w.<\/p>\n<p>\u2013 W sprawach bezpiecze\u0144stwa, polityki zagranicznej, wojny i pokoju musimy wsp\u00f3\u0142pracowa\u0107. Nikt tu nikomu \u0142aski nie robi. Wa\u017cne, aby\u015bmy nie dali si\u0119 nigdy rozgrywa\u0107 \u2013 zaznaczy\u0142 premier.<\/p>\n<p>Szef rz\u0105du przypomnia\u0142, \u017ce polskie stanowisko \u201enic o Ukrainie bez Ukrainy\u201d ma szerszy wymiar \u2013 \u201enic o Europie bez Europy\u201d. Ostrzeg\u0142, \u017ce Rosja mog\u0142aby pr\u00f3bowa\u0107 w\u0142\u0105czy\u0107 kwestie bezpiecze\u0144stwa nie tylko Ukrainy, ale te\u017c pa\u0144stw takich jak Polska, do negocjacji pokojowych. \u2013 Rosjanie nie po raz pierwszy chcieliby zagra\u0107 rol\u0119 nibygwarant\u00f3w bezpiecze\u0144stwa \u2013 doda\u0142.<\/p>\n<p>Tusk zaznaczy\u0142, \u017ce konstytucyjnie polityk\u0119 zagraniczn\u0105 prowadzi rz\u0105d, a prezydent \u2013 reprezentuj\u0105c Polsk\u0119 \u2013 powinien prezentowa\u0107 stanowisko wypracowane przez gabinet. \u2013 Spotkanie ma na celu to, by\u015bmy nie dali si\u0119 rozgrywa\u0107 ani przez wrog\u00f3w, ani przez przyjaci\u00f3\u0142 \u2013 powiedzia\u0142, odnosz\u0105c si\u0119 do rozmowy Nawrockiego z Trumpem podczas drugiego dnia spotka\u0144 lider\u00f3w.<\/p>\n<p>Premier wyja\u015bni\u0142 te\u017c, \u017ce wcze\u015bniejsze zapowiedzi o jego udziale w rozmowach z Trumpem nie by\u0142y dezinformacj\u0105 \u2013 zmiana wynika\u0142a z pro\u015bby strony ameryka\u0144skiej, kt\u00f3ra tu\u017c przed p\u00f3\u0142noc\u0105 poprosi\u0142a, by Polsk\u0119 reprezentowa\u0142 prezydent. \u2013 Dla mnie wa\u017cne jest, aby to nie by\u0142a metoda rozgrywania Polak\u00f3w mi\u0119dzy sob\u0105 \u2013 podsumowa\u0142 Tusk.<\/p>\n","protected":false},"excerpt":{"rendered":"<p>Premier Donald Tusk odni\u00f3s\u0142 si\u0119 do spotkania europejskich przyw\u00f3dc\u00f3w z prezydentem USA Donaldem Trumpem, na kt\u00f3rym Polsk\u0119 reprezentowa\u0142 prezydent Karol Nawrocki. Zapowiedzia\u0142, \u017ce w czwartek&hellip;<\/p>\n","protected":false},"author":3,"featured_media":3241,"comment_status":"open","ping_status":"open","sticky":false,"template":"","format":"standard","meta":{"footnotes":""},"categories":[14,18],"tags":[],"class_list":["post-3240","post","type-post","status-publish","format-standard","has-post-thumbnail","hentry","category-polska","category-top-news"],"_links":{"self":[{"href":"https:\/\/radiopoloniawinnipeg.com\/index.php\/wp-json\/wp\/v2\/posts\/3240","targetHints":{"allow":["GET"]}}],"collection":[{"href":"https:\/\/radiopoloniawinnipeg.com\/index.php\/wp-json\/wp\/v2\/posts"}],"about":[{"href":"https:\/\/radiopoloniawinnipeg.com\/index.php\/wp-json\/wp\/v2\/types\/post"}],"author":[{"embeddable":true,"href":"https:\/\/radiopoloniawinnipeg.com\/index.php\/wp-json\/wp\/v2\/users\/3"}],"replies":[{"embeddable":true,"href":"https:\/\/radiopoloniawinnipeg.com\/index.php\/wp-json\/wp\/v2\/comments?post=3240"}],"version-history":[{"count":0,"href":"https:\/\/radiopoloniawinnipeg.com\/index.php\/wp-json\/wp\/v2\/posts\/3240\/revisions"}],"wp:featuredmedia":[{"embeddable":true,"href":"https:\/\/radiopoloniawinnipeg.com\/index.php\/wp-json\/wp\/v2\/media\/3241"}],"wp:attachment":[{"href":"https:\/\/radiopoloniawinnipeg.com\/index.php\/wp-json\/wp\/v2\/media?parent=3240"}],"wp:term":[{"taxonomy":"category","embeddable":true,"href":"https:\/\/radiopoloniawinnipeg.com\/index.php\/wp-json\/wp\/v2\/categories?post=3240"},{"taxonomy":"post_tag","embeddable":true,"href":"https:\/\/radiopoloniawinnipeg.com\/index.php\/wp-json\/wp\/v2\/tags?post=3240"}],"curies":[{"name":"wp","href":"https:\/\/api.w.org\/{rel}","templated":true}]}}