{"id":3244,"date":"2025-08-14T10:15:06","date_gmt":"2025-08-14T14:15:06","guid":{"rendered":"https:\/\/radiopoloniawinnipeg.com\/index.php\/2025\/08\/14\/rada-gabinetowa-27-sierpnia-w-agendzie-finanse-cpk-i-podatki\/"},"modified":"2025-08-14T10:15:06","modified_gmt":"2025-08-14T14:15:06","slug":"rada-gabinetowa-27-sierpnia-w-agendzie-finanse-cpk-i-podatki","status":"publish","type":"post","link":"https:\/\/radiopoloniawinnipeg.com\/index.php\/2025\/08\/14\/rada-gabinetowa-27-sierpnia-w-agendzie-finanse-cpk-i-podatki\/","title":{"rendered":"Rada Gabinetowa 27 sierpnia \u2013 w agendzie finanse, CPK i podatki"},"content":{"rendered":"<p><strong>27 sierpnia odb\u0119dzie si\u0119 Rada Gabinetowa zwo\u0142ana przez prezydenta Karola Nawrockiego \u2013 poinformowa\u0142 Pawe\u0142 Szefernaker, szef Gabinetu Prezydenta. Posiedzenie po\u015bwi\u0119cone b\u0119dzie g\u0142\u00f3wnie stanowi finans\u00f3w publicznych oraz projektom ustaw zg\u0142oszonych przez prezydenta \u2013 dotycz\u0105cym budowy Centralnego Portu Komunikacyjnego oraz zmian w systemie podatkowym.<\/strong><\/p>\n<p>Informacja zosta\u0142a og\u0142oszona po spotkaniu prezydenta z premierem Donaldem Tuskiem. Jak relacjonowa\u0142 Szefernaker, rozmowa dotyczy\u0142a przede wszystkim kwestii mi\u0119dzynarodowych i bezpiecze\u0144stwa. Prezydent mia\u0142 przekaza\u0107 premierowi zasady, na kt\u00f3rych \u2013 jego zdaniem \u2013 powinna opiera\u0107 si\u0119 wsp\u00f3\u0142praca obu urz\u0119d\u00f3w, wynikaj\u0105ce z konstytucji i \u201emocnego mandatu, jakim obdarzyli go Polacy\u201d. Szef gabinetu prezydenta podkre\u015bli\u0142, \u017ce atmosfera rozmowy by\u0142a rzeczowa i \u201enormalna\u201d \u2013 nie by\u0142o to spotkanie towarzyskie, lecz merytoryczna dyskusja dw\u00f3ch najwa\u017cniejszych os\u00f3b w pa\u0144stwie.<\/p>\n<p>Szefernaker ujawni\u0142 te\u017c, \u017ce podczas wczorajszej telekonferencji europejskich lider\u00f3w z prezydentem USA Donaldem Trumpem prezydent Nawrocki nawi\u0105za\u0142 do Bitwy Warszawskiej z 1920 roku, wskazuj\u0105c historyczn\u0105 analogi\u0119 do obrony przed agresj\u0105.<\/p>\n<p>Rzecznik rz\u0105du Adam Sz\u0142apka poinformowa\u0142, \u017ce rozmowa prezydenta z premierem obejmowa\u0142a r\u00f3wnie\u017c sprawy Ukrainy w kontek\u015bcie pi\u0105tkowego spotkania Donalda Trumpa z W\u0142adimirem Putinem w Anchorage. Obaj politycy zgodzili si\u0119, \u017ce w obszarach bezpiecze\u0144stwa, polityki zagranicznej i dyplomacji konieczna jest wsp\u00f3\u0142praca zgodna z konstytucj\u0105.<\/p>\n<p>Pierwsze spotkanie Tuska i Nawrockiego odby\u0142o si\u0119 w Pa\u0142acu Prezydenckim punktualnie o godz. 12:00 i trwa\u0142o oko\u0142o godziny. Inicjatorem rozmowy by\u0142 premier, a jej g\u0142\u00f3wnym tematem by\u0142a sytuacja na Ukrainie oraz inne kwestie mi\u0119dzynarodowe.<\/p>\n<p style=\"text-align: right\"><em>Na podst. Polsat News<\/em><\/p>\n","protected":false},"excerpt":{"rendered":"<p>27 sierpnia odb\u0119dzie si\u0119 Rada Gabinetowa zwo\u0142ana przez prezydenta Karola Nawrockiego \u2013 poinformowa\u0142 Pawe\u0142 Szefernaker, szef Gabinetu Prezydenta. Posiedzenie po\u015bwi\u0119cone b\u0119dzie g\u0142\u00f3wnie stanowi finans\u00f3w publicznych&hellip;<\/p>\n","protected":false},"author":3,"featured_media":3245,"comment_status":"open","ping_status":"open","sticky":false,"template":"","format":"standard","meta":{"footnotes":""},"categories":[14,18],"tags":[],"class_list":["post-3244","post","type-post","status-publish","format-standard","has-post-thumbnail","hentry","category-polska","category-top-news"],"_links":{"self":[{"href":"https:\/\/radiopoloniawinnipeg.com\/index.php\/wp-json\/wp\/v2\/posts\/3244","targetHints":{"allow":["GET"]}}],"collection":[{"href":"https:\/\/radiopoloniawinnipeg.com\/index.php\/wp-json\/wp\/v2\/posts"}],"about":[{"href":"https:\/\/radiopoloniawinnipeg.com\/index.php\/wp-json\/wp\/v2\/types\/post"}],"author":[{"embeddable":true,"href":"https:\/\/radiopoloniawinnipeg.com\/index.php\/wp-json\/wp\/v2\/users\/3"}],"replies":[{"embeddable":true,"href":"https:\/\/radiopoloniawinnipeg.com\/index.php\/wp-json\/wp\/v2\/comments?post=3244"}],"version-history":[{"count":0,"href":"https:\/\/radiopoloniawinnipeg.com\/index.php\/wp-json\/wp\/v2\/posts\/3244\/revisions"}],"wp:featuredmedia":[{"embeddable":true,"href":"https:\/\/radiopoloniawinnipeg.com\/index.php\/wp-json\/wp\/v2\/media\/3245"}],"wp:attachment":[{"href":"https:\/\/radiopoloniawinnipeg.com\/index.php\/wp-json\/wp\/v2\/media?parent=3244"}],"wp:term":[{"taxonomy":"category","embeddable":true,"href":"https:\/\/radiopoloniawinnipeg.com\/index.php\/wp-json\/wp\/v2\/categories?post=3244"},{"taxonomy":"post_tag","embeddable":true,"href":"https:\/\/radiopoloniawinnipeg.com\/index.php\/wp-json\/wp\/v2\/tags?post=3244"}],"curies":[{"name":"wp","href":"https:\/\/api.w.org\/{rel}","templated":true}]}}