{"id":3258,"date":"2025-08-14T18:15:05","date_gmt":"2025-08-14T22:15:05","guid":{"rendered":"https:\/\/radiopoloniawinnipeg.com\/index.php\/2025\/08\/14\/prezydent-wojsko-polskie-ponad-politycznym-sporem\/"},"modified":"2025-08-14T18:15:05","modified_gmt":"2025-08-14T22:15:05","slug":"prezydent-wojsko-polskie-ponad-politycznym-sporem","status":"publish","type":"post","link":"https:\/\/radiopoloniawinnipeg.com\/index.php\/2025\/08\/14\/prezydent-wojsko-polskie-ponad-politycznym-sporem\/","title":{"rendered":"Prezydent: Wojsko Polskie ponad politycznym sporem"},"content":{"rendered":"<p><img decoding=\"async\" loading=\"lazy\" class=\"aligncenter size-custom-full-size wp-image-220610\" src=\"https:\/\/bejsment.com\/wp-content\/uploads\/2025\/08\/aaawanse-636x477.jpg\" alt=\"\" width=\"636\" height=\"477\" \/><\/p>\n<p><strong>Prezydent Karol Nawrocki wr\u0119czy\u0142 w czwartek przed Belwederem akty mianowania na stopnie generalskie o\u015bmiu oficerom Wojska Polskiego. Uroczysto\u015b\u0107 odby\u0142a si\u0119 w przeddzie\u0144 \u015awi\u0119ta Wojska Polskiego.<\/strong><\/p>\n<p>\u2013 \u015awi\u0119to Wojska Polskiego jest \u015bwi\u0119tem ka\u017cdego \u017co\u0142nierza \u2013 od szeregowca po genera\u0142a \u2013 oraz ca\u0142ego narodu, kt\u00f3ry dzi\u015b i jutro staje we wdzi\u0119czno\u015bci wobec polskich \u017co\u0142nierzy \u2013 powiedzia\u0142 prezydent, dzi\u0119kuj\u0105c im za s\u0142u\u017cb\u0119, zapewnienie suwerenno\u015bci i utrzymanie pokoju.<\/p>\n<p>Nawrocki zaznaczy\u0142, \u017ce nominacje generalskie przyznawane s\u0105 w czasie niepewnej sytuacji geopolitycznej i presji ideologicznej oraz militarnej. Wskaza\u0142 na zagro\u017cenia zwi\u0105zane z agresywnym s\u0105siadem na wschodzie, wojn\u0105 hybrydow\u0105 i presj\u0105 migracyjn\u0105 na granicach. \u2013 To pierwsze nominacje, kt\u00f3re wr\u0119czam jako prezydent i zwierzchnik Si\u0142 Zbrojnych. Wszystkie kwestie bezpiecze\u0144stwa pa\u0144stwa powinny by\u0107 obj\u0119te lini\u0105 demarkacyjn\u0105 \u2013 podkre\u015bli\u0142.<\/p>\n<p>Prezydent zwr\u00f3ci\u0142 si\u0119 do nominowanych genera\u0142\u00f3w, podkre\u015blaj\u0105c, \u017ce Wojsko Polskie musi by\u0107 ponad politycznymi sporami. \u2013 Prezydenci przemijaj\u0105, premierzy przemijaj\u0105, wi\u0119kszo\u015bci parlamentarne przemijaj\u0105, a Wojsko Polskie musi trwa\u0107 \u2013 m\u00f3wi\u0142.<\/p>\n<h3><strong>Lista awansowanych:<\/strong><\/h3>\n<ul>\n<li><strong>Genera\u0142 broni WP<\/strong>: Maciej Klisz \u2013 Dow\u00f3dca Operacyjny Rodzaj\u00f3w Si\u0142 Zbrojnych.<\/li>\n<li><strong>Genera\u0142 dywizji WP<\/strong>: Miros\u0142aw Polakow \u2013 zast\u0119pca szefa Sztabu Naczelnego Dow\u00f3dztwa Sojuszniczych Si\u0142 w Europie (SHAPE), Adam Rzeczkowski \u2013 dyrektor Departamentu Zwierzchnictwa nad Si\u0142ami Zbrojnymi BBN, Krzysztof Zielski \u2013 zast\u0119pca szefa Sztabu Generalnego WP.<\/li>\n<li><strong>Genera\u0142 brygady WP<\/strong>: Norbert Chojnacki \u2013 dow\u00f3dca 2. Skrzyd\u0142a Lotnictwa Taktycznego, Mariusz Kubarek \u2013 zast\u0119pca dyrektora Centrum Operacyjnego MON, Mieczys\u0142aw Malec \u2013 szef Pionu Operacyjnego ds. NATO, zast\u0119pca Polskiego Przedstawiciela Wojskowego przy Komitetach Wojskowych NATO i UE, Wac\u0142aw Samocik \u2013 dow\u00f3dca 2. Brygady Zmechanizowanej.<\/li>\n<\/ul>\n","protected":false},"excerpt":{"rendered":"<p>Prezydent Karol Nawrocki wr\u0119czy\u0142 w czwartek przed Belwederem akty mianowania na stopnie generalskie o\u015bmiu oficerom Wojska Polskiego. Uroczysto\u015b\u0107 odby\u0142a si\u0119 w przeddzie\u0144 \u015awi\u0119ta Wojska Polskiego.&hellip;<\/p>\n","protected":false},"author":3,"featured_media":3259,"comment_status":"open","ping_status":"open","sticky":false,"template":"","format":"standard","meta":{"footnotes":""},"categories":[14,18],"tags":[],"class_list":["post-3258","post","type-post","status-publish","format-standard","has-post-thumbnail","hentry","category-polska","category-top-news"],"_links":{"self":[{"href":"https:\/\/radiopoloniawinnipeg.com\/index.php\/wp-json\/wp\/v2\/posts\/3258","targetHints":{"allow":["GET"]}}],"collection":[{"href":"https:\/\/radiopoloniawinnipeg.com\/index.php\/wp-json\/wp\/v2\/posts"}],"about":[{"href":"https:\/\/radiopoloniawinnipeg.com\/index.php\/wp-json\/wp\/v2\/types\/post"}],"author":[{"embeddable":true,"href":"https:\/\/radiopoloniawinnipeg.com\/index.php\/wp-json\/wp\/v2\/users\/3"}],"replies":[{"embeddable":true,"href":"https:\/\/radiopoloniawinnipeg.com\/index.php\/wp-json\/wp\/v2\/comments?post=3258"}],"version-history":[{"count":0,"href":"https:\/\/radiopoloniawinnipeg.com\/index.php\/wp-json\/wp\/v2\/posts\/3258\/revisions"}],"wp:featuredmedia":[{"embeddable":true,"href":"https:\/\/radiopoloniawinnipeg.com\/index.php\/wp-json\/wp\/v2\/media\/3259"}],"wp:attachment":[{"href":"https:\/\/radiopoloniawinnipeg.com\/index.php\/wp-json\/wp\/v2\/media?parent=3258"}],"wp:term":[{"taxonomy":"category","embeddable":true,"href":"https:\/\/radiopoloniawinnipeg.com\/index.php\/wp-json\/wp\/v2\/categories?post=3258"},{"taxonomy":"post_tag","embeddable":true,"href":"https:\/\/radiopoloniawinnipeg.com\/index.php\/wp-json\/wp\/v2\/tags?post=3258"}],"curies":[{"name":"wp","href":"https:\/\/api.w.org\/{rel}","templated":true}]}}