{"id":3266,"date":"2025-08-15T09:15:07","date_gmt":"2025-08-15T13:15:07","guid":{"rendered":"https:\/\/radiopoloniawinnipeg.com\/index.php\/2025\/08\/15\/hold-dla-bohaterow-1920-roku\/"},"modified":"2025-08-15T09:15:07","modified_gmt":"2025-08-15T13:15:07","slug":"hold-dla-bohaterow-1920-roku","status":"publish","type":"post","link":"https:\/\/radiopoloniawinnipeg.com\/index.php\/2025\/08\/15\/hold-dla-bohaterow-1920-roku\/","title":{"rendered":"Ho\u0142d dla bohater\u00f3w 1920 roku"},"content":{"rendered":"<p><img decoding=\"async\" loading=\"lazy\" class=\"aligncenter size-custom-full-size wp-image-220688\" src=\"https:\/\/bejsment.com\/wp-content\/uploads\/2025\/08\/aahold-636x477.jpg\" alt=\"\" width=\"636\" height=\"477\" \/><\/p>\n<p><strong>W przeddzie\u0144 \u015awi\u0119ta Wojska Polskiego na Cmentarzu Wojskowym na Pow\u0105zkach odby\u0142 si\u0119 uroczysty Apel Pami\u0119ci po\u015bwi\u0119cony \u017co\u0142nierzom poleg\u0142ym w Bitwie Warszawskiej 1920 roku. <\/strong><\/p>\n<p>W ceremonii wzi\u0119li udzia\u0142 przedstawiciele najwy\u017cszych w\u0142adz pa\u0144stwowych, wojska, kombatanci oraz mieszka\u0144cy stolicy. Centralnym punktem wydarzenia by\u0142o przem\u00f3wienie Prezydenta RP Karola Nawrockiego.<\/p>\n<h3><strong>\u201eJeste\u015bcie potomkami zwyci\u0119zc\u00f3w\u201d<\/strong><\/h3>\n<p>Prezydent, zwracaj\u0105c si\u0119 do \u017co\u0142nierzy i oficer\u00f3w Wojska Polskiego, przypomnia\u0142 o znaczeniu zwyci\u0119stwa sprzed 105 lat. \u2013 Jeste\u015bcie potomkami zwyci\u0119zc\u00f3w jednej z najwa\u017cniejszych bitew XX wieku \u2013 m\u00f3wi\u0142, podkre\u015blaj\u0105c, \u017ce w chwilach pr\u00f3by polski \u017co\u0142nierz zawsze staje tam, gdzie wymaga tego obrona wolno\u015bci i niepodleg\u0142o\u015bci, nie kalkuluj\u0105c, czy walka si\u0119 op\u0142aci. \u2013 Dla warto\u015bci jeste\u015bmy gotowi po\u015bwi\u0119ci\u0107 bardzo wiele, nawet w\u0142asne \u017cycie \u2013 zaznaczy\u0142.<\/p>\n<p>Nawrocki wskaza\u0142 tak\u017ce na wyj\u0105tkowy charakter Pow\u0105zek Wojskowych jako miejsca narodowej pami\u0119ci. \u2013 To tutaj oddajemy ho\u0142d obro\u0144com Ojczyzny z wrze\u015bnia 1939 roku, walcz\u0105cym z niemieckim i sowieckim naje\u017ad\u017ac\u0105, powsta\u0144com warszawskim z 1944 roku oraz zwyci\u0119zcom z 1920 roku, o kt\u00f3rych m\u00f3wi si\u0119 zbyt rzadko \u2013 podkre\u015bli\u0142.<\/p>\n<h3><strong>\u201eEfekt geniuszu i hartu ducha\u201d<\/strong><\/h3>\n<p>Prezydent przypomnia\u0142, \u017ce sukces w Bitwie Warszawskiej by\u0142 rezultatem zar\u00f3wno geniuszu dow\u00f3dc\u00f3w, jak i niez\u0142omno\u015bci \u017co\u0142nierzy. \u2013 Musieli zmierzy\u0107 si\u0119 ze strachem, b\u00f3lem i zw\u0105tpieniem. Dzisiejsza uroczysto\u015b\u0107 to deklaracja, \u017ce bohaterowie wierni wolnej Polsce oraz has\u0142u: B\u00f3g, honor, ojczyzna, wyznaczaj\u0105 drog\u0119 tak\u017ce nam \u2013 powiedzia\u0142.<\/p>\n<p>Podczas Apelu Pami\u0119ci odczytano nazwiska bohater\u00f3w, zapalono znicze na ich grobach, a uroczysto\u015b\u0107 zako\u0144czy\u0142a si\u0119 salw\u0105 honorow\u0105 i odegraniem hymnu Wojska Polskiego.<\/p>\n<p style=\"text-align: right\"><em>Na podst. i.Pl<\/em><\/p>\n","protected":false},"excerpt":{"rendered":"<p>W przeddzie\u0144 \u015awi\u0119ta Wojska Polskiego na Cmentarzu Wojskowym na Pow\u0105zkach odby\u0142 si\u0119 uroczysty Apel Pami\u0119ci po\u015bwi\u0119cony \u017co\u0142nierzom poleg\u0142ym w Bitwie Warszawskiej 1920 roku. W ceremonii&hellip;<\/p>\n","protected":false},"author":3,"featured_media":3267,"comment_status":"open","ping_status":"open","sticky":false,"template":"","format":"standard","meta":{"footnotes":""},"categories":[14,18],"tags":[],"class_list":["post-3266","post","type-post","status-publish","format-standard","has-post-thumbnail","hentry","category-polska","category-top-news"],"_links":{"self":[{"href":"https:\/\/radiopoloniawinnipeg.com\/index.php\/wp-json\/wp\/v2\/posts\/3266","targetHints":{"allow":["GET"]}}],"collection":[{"href":"https:\/\/radiopoloniawinnipeg.com\/index.php\/wp-json\/wp\/v2\/posts"}],"about":[{"href":"https:\/\/radiopoloniawinnipeg.com\/index.php\/wp-json\/wp\/v2\/types\/post"}],"author":[{"embeddable":true,"href":"https:\/\/radiopoloniawinnipeg.com\/index.php\/wp-json\/wp\/v2\/users\/3"}],"replies":[{"embeddable":true,"href":"https:\/\/radiopoloniawinnipeg.com\/index.php\/wp-json\/wp\/v2\/comments?post=3266"}],"version-history":[{"count":0,"href":"https:\/\/radiopoloniawinnipeg.com\/index.php\/wp-json\/wp\/v2\/posts\/3266\/revisions"}],"wp:featuredmedia":[{"embeddable":true,"href":"https:\/\/radiopoloniawinnipeg.com\/index.php\/wp-json\/wp\/v2\/media\/3267"}],"wp:attachment":[{"href":"https:\/\/radiopoloniawinnipeg.com\/index.php\/wp-json\/wp\/v2\/media?parent=3266"}],"wp:term":[{"taxonomy":"category","embeddable":true,"href":"https:\/\/radiopoloniawinnipeg.com\/index.php\/wp-json\/wp\/v2\/categories?post=3266"},{"taxonomy":"post_tag","embeddable":true,"href":"https:\/\/radiopoloniawinnipeg.com\/index.php\/wp-json\/wp\/v2\/tags?post=3266"}],"curies":[{"name":"wp","href":"https:\/\/api.w.org\/{rel}","templated":true}]}}