{"id":3268,"date":"2025-08-15T10:00:16","date_gmt":"2025-08-15T14:00:16","guid":{"rendered":"https:\/\/radiopoloniawinnipeg.com\/index.php\/2025\/08\/15\/swieto-wojska-polskiego-przemowienie-prezydenta\/"},"modified":"2025-08-15T10:00:16","modified_gmt":"2025-08-15T14:00:16","slug":"swieto-wojska-polskiego-przemowienie-prezydenta","status":"publish","type":"post","link":"https:\/\/radiopoloniawinnipeg.com\/index.php\/2025\/08\/15\/swieto-wojska-polskiego-przemowienie-prezydenta\/","title":{"rendered":"\u015awi\u0119to Wojska Polskiego, przem\u00f3wienie prezydenta"},"content":{"rendered":"<p><img decoding=\"async\" loading=\"lazy\" class=\"aligncenter size-custom-full-size wp-image-220703\" src=\"https:\/\/bejsment.com\/wp-content\/uploads\/2025\/08\/aaprezydent2-636x477.jpg\" alt=\"\" width=\"636\" height=\"477\" \/><\/p>\n<p><strong>15 sierpnia przypada rocznica zwyci\u0119skiej dla\u00a0Polski Bitwy Warszawskiej 1920\u00a0r. Tego dnia obchodzimy\u00a0\u015awi\u0119to Wojska Polskiego<\/strong><strong>. Tradycyjnie punktem kulminacyjnym obchod\u00f3w jest defilada wojskowa z\u00a0udzia\u0142em ok. 4000 \u017co\u0142nierzy i\u00a0300 sztuk sprz\u0119tu. Wydarzenie zorganizowano na\u00a0Wis\u0142ostradzie. W\u00a0tym roku po\u00a0raz pierwszy defilada na\u00a0l\u0105dzie i\u00a0w\u00a0powietrzu zosta\u0142a uzupe\u0142niona o\u00a0okr\u0119ty Marynarki Wojennej. R\u00f3wnolegle zorganizowano parad\u0119 morsk\u0105 na\u00a0Ba\u0142tyku, w\u00a0pobli\u017cu Helu.<\/strong><\/p>\n<p>W defiladzie uczestnicz\u0105 najwa\u017cniejsi przedstawiciele w\u0142adz, z\u00a0prezydentem RP na\u00a0czele. Na\u00a0trybunie honorowej pojawili si\u0119 marsza\u0142ek Sejmu, wicepremier, szef MON oraz\u00a0premier. Na\u00a0pocz\u0105tku Karol Nawrocki dokona\u0142 przegl\u0105du Wojska Polskiego oraz\u00a0si\u0142 sojuszniczych stacjonuj\u0105cych w\u00a0naszym kraju.<\/p>\n<p>Najpierw g\u0142os zabra\u0142 minister obrony. Nast\u0119pnie przem\u00f3wienie wyg\u0142osi\u0142 prezydent. \u2013\u00a0W\u00a0roku 1920 wygrali\u015bmy z\u00a0sowieck\u0105, bolszewick\u0105 antycywilizacj\u0105. Dla\u00a0Polski, dla\u00a0Europy, dla\u00a0\u015bwiata by\u0142o to\u00a0zwyci\u0119stwo. Lekcja zwyci\u0119stwa sprzed 105 lat m\u00f3wi mi, \u017ce\u00a0wygrali\u015bmy dzi\u0119ki jedno\u015bci i\u00a0wsp\u00f3lnocie \u2013\u00a0rozpocz\u0105\u0142 Karol Nawrocki.<\/p>\n<h3><strong>&#8220;Konstytucja dla\u00a0bezpiecze\u0144stwa&#8221;<\/strong><\/h3>\n<p>Prezydent zapowiedzia\u0142 prace nad &#8220;konstytucj\u0105 dla\u00a0bezpiecze\u0144stwa&#8221;. Powiedzia\u0142, \u017ce\u00a0do\u00a0podpisu dokumentu zach\u0119ci premiera. Karol Nawrocki m\u00f3wi\u0142, \u017ce\u00a0troska o\u00a0armi\u0119 musi by\u0107 wy\u0142\u0105czona spod sporu politycznego i\u00a0poza sporami wywo\u0142ywanymi kolejnymi wyborami. \u2013\u00a0Musimy wsp\u00f3lnie z\u00a0rz\u0105dem, z\u00a0panem premierem i\u00a0wicepremierem, pochyli\u0107 si\u0119 nad strategicznymi, zasadniczymi dokumentami strategii bezpiecze\u0144stwa narodowego. Jedyn\u0105 emocj\u0105, kt\u00f3ra b\u0119dzie w\u00a0tych dokumentach, niech b\u0119dzie emocja polskiej racji stanu \u2013\u00a0wskaza\u0142. Nawrocki zaznaczy\u0142, \u017ce\u00a0konieczna &#8220;jasna deklaracja obrony ka\u017cdego centymetra i\u00a0skrawka polskiej ziemi, bo\u00a0Polska jest jedna, a\u00a0linia Wis\u0142y nie\u00a0jest jej granic\u0105&#8221;. \u2013\u00a0Budowanie jedno\u015bci b\u0119d\u0119 budowa\u0142 wok\u00f3\u0142 konstytucji bezpiecze\u0144stwa Rzeczpospolitej. B\u0119d\u0119 zach\u0119ca\u0142 premiera, aby\u015bmy podpisali w\u00a0tej sprawie ponadpolityczne zobowi\u0105zanie \u2013\u00a0podkre\u015bli\u0142.<\/p>\n<p>\u2013 Dbanie o\u00a0bezpiecze\u0144stwo jest naszym najwa\u017cniejszym zadaniem. (\u2026) Lekcja zwyci\u0119stwa m\u00f3wi do\u00a0nas kochani rodacy, \u017co\u0142nierze, \u017ce\u00a0wygrali\u015bmy j\u0105 dzi\u0119ki wsp\u00f3lnocie. (\u2026) Tylko jedno\u015b\u0107 i\u00a0wsp\u00f3lnota daje nam mo\u017cliwo\u015b\u0107 budowy systemu bezpiecze\u0144stwa \u2013\u00a0m\u00f3wi\u0142 przyw\u00f3dca.<\/p>\n<p>Prezydent RP zapowiedzia\u0142, \u017ce\u00a0b\u0119dzie chcia\u0142 doprowadzi\u0107 do\u00a0wydatkowania na\u00a0obronno\u015b\u0107 5\u00a0proc. PKB. \u2013\u00a0To\u00a0si\u0119 musi sta\u0107 i\u00a0musi si\u0119 sta\u0107 jak najszybciej. Polskie bezpiecze\u0144stwo tego wymaga \u2013\u00a0podkre\u015bla\u0142.<\/p>\n<p>W\u00a0pewnym momencie Karol Nawrocki zwr\u00f3ci\u0142 si\u0119 do\u00a0obywateli. Wiele os\u00f3b ogl\u0105da\u0142o defilad\u0119 osobi\u015bcie, na\u00a0wzg\u00f3rzu nad Wis\u0142ostrad\u0105.<\/p>\n<p>\u2013\u00a0Chcia\u0142bym zwr\u00f3ci\u0107 si\u0119 do\u00a0tysi\u0119cy Polek i\u00a0Polak\u00f3w, kt\u00f3rzy s\u0105 dzisiaj z\u00a0nami. To\u00a0wy, w\u00a0swoich sercach, w\u00a0swoich umys\u0142ach, decydujecie tak\u017ce o\u00a0naszej wolno\u015bci i\u00a0naszym bezpiecze\u0144stwie. Bo\u00a0bez pragnienia wolno\u015bci, suwerenno\u015bci i\u00a0niepodleg\u0142o\u015bci obrona naszych granic, obrona Rzeczpospolitej nie\u00a0mia\u0142aby sensu. Polsk\u0119 trzeba kocha\u0107, \u017ceby jej broni\u0107, \u017ceby mie\u0107 silne granice\u00a0\u2013\u00a0powiedzia\u0142 prezydent Karol Nawrocki.<\/p>\n","protected":false},"excerpt":{"rendered":"<p>15 sierpnia przypada rocznica zwyci\u0119skiej dla\u00a0Polski Bitwy Warszawskiej 1920\u00a0r. Tego dnia obchodzimy\u00a0\u015awi\u0119to Wojska Polskiego. Tradycyjnie punktem kulminacyjnym obchod\u00f3w jest defilada wojskowa z\u00a0udzia\u0142em ok. 4000 \u017co\u0142nierzy&hellip;<\/p>\n","protected":false},"author":3,"featured_media":3269,"comment_status":"open","ping_status":"open","sticky":false,"template":"","format":"standard","meta":{"footnotes":""},"categories":[14,18],"tags":[],"class_list":["post-3268","post","type-post","status-publish","format-standard","has-post-thumbnail","hentry","category-polska","category-top-news"],"_links":{"self":[{"href":"https:\/\/radiopoloniawinnipeg.com\/index.php\/wp-json\/wp\/v2\/posts\/3268","targetHints":{"allow":["GET"]}}],"collection":[{"href":"https:\/\/radiopoloniawinnipeg.com\/index.php\/wp-json\/wp\/v2\/posts"}],"about":[{"href":"https:\/\/radiopoloniawinnipeg.com\/index.php\/wp-json\/wp\/v2\/types\/post"}],"author":[{"embeddable":true,"href":"https:\/\/radiopoloniawinnipeg.com\/index.php\/wp-json\/wp\/v2\/users\/3"}],"replies":[{"embeddable":true,"href":"https:\/\/radiopoloniawinnipeg.com\/index.php\/wp-json\/wp\/v2\/comments?post=3268"}],"version-history":[{"count":0,"href":"https:\/\/radiopoloniawinnipeg.com\/index.php\/wp-json\/wp\/v2\/posts\/3268\/revisions"}],"wp:featuredmedia":[{"embeddable":true,"href":"https:\/\/radiopoloniawinnipeg.com\/index.php\/wp-json\/wp\/v2\/media\/3269"}],"wp:attachment":[{"href":"https:\/\/radiopoloniawinnipeg.com\/index.php\/wp-json\/wp\/v2\/media?parent=3268"}],"wp:term":[{"taxonomy":"category","embeddable":true,"href":"https:\/\/radiopoloniawinnipeg.com\/index.php\/wp-json\/wp\/v2\/categories?post=3268"},{"taxonomy":"post_tag","embeddable":true,"href":"https:\/\/radiopoloniawinnipeg.com\/index.php\/wp-json\/wp\/v2\/tags?post=3268"}],"curies":[{"name":"wp","href":"https:\/\/api.w.org\/{rel}","templated":true}]}}