{"id":3292,"date":"2025-08-16T14:30:09","date_gmt":"2025-08-16T18:30:09","guid":{"rendered":"https:\/\/radiopoloniawinnipeg.com\/index.php\/2025\/08\/16\/tragedia-na-podlasiu-potezne-zderzenie-kilku-ciezarowek\/"},"modified":"2025-08-16T14:30:09","modified_gmt":"2025-08-16T18:30:09","slug":"tragedia-na-podlasiu-potezne-zderzenie-kilku-ciezarowek","status":"publish","type":"post","link":"https:\/\/radiopoloniawinnipeg.com\/index.php\/2025\/08\/16\/tragedia-na-podlasiu-potezne-zderzenie-kilku-ciezarowek\/","title":{"rendered":"Tragedia na Podlasiu. Pot\u0119\u017cne zderzenie kilku ci\u0119\u017car\u00f3wek"},"content":{"rendered":"<p><img decoding=\"async\" loading=\"lazy\" class=\"aligncenter size-custom-full-size wp-image-220784\" src=\"https:\/\/bejsment.com\/wp-content\/uploads\/2025\/08\/aabeckowo-636x358.jpg\" alt=\"\" width=\"636\" height=\"358\" \/><\/p>\n<p><strong>Do tragicznego wypadku dosz\u0142o w sobot\u0119 nad ranem na trasie S61 w rejonie miejscowo\u015bci B\u0119\u0107kowo, pomi\u0119dzy Szczuczynem a E\u0142kiem. W zdarzeniu bra\u0142y udzia\u0142 cztery ci\u0119\u017car\u00f3wki, w tym trzy lawety przewo\u017c\u0105ce samochody.<\/strong><\/p>\n<p>Jak przekaza\u0142a komisarz Marta Rodzik z Komendy Wojew\u00f3dzkiej Policji w Bia\u0142ymstoku, oko\u0142o godziny 4:15 kierowca jednej z lawet zatrzyma\u0142 si\u0119 na prawym pasie, aby wymieni\u0107 opon\u0119. Na pomoc ruszyli kierowcy dw\u00f3ch kolejnych pojazd\u00f3w. W tym czasie w stoj\u0105ce ci\u0119\u017car\u00f3wki uderzy\u0142a rozp\u0119dzona scania.<\/p>\n<p>Si\u0142a uderzenia by\u0142a ogromna \u2013 elementy pojazd\u00f3w oraz auta przewo\u017cone na lawetach osun\u0119\u0142y si\u0119 na pobocze, gdzie znajdowali si\u0119 kierowcy. Jeden z m\u0119\u017cczyzn poni\u00f3s\u0142 \u015bmier\u0107 na miejscu. Policja ustala obecnie dok\u0142adne okoliczno\u015bci tragedii.<\/p>\n<p>Na miejsce przyby\u0142y s\u0142u\u017cby ratunkowe oraz cztery jednostki stra\u017cy po\u017carnej: JRG Grajewo, OSP Szczuczyn, OSP B\u0119\u0107kowo i OSP Boczki-\u015awidrowo. Ruch w kierunku \u0141om\u017cy zosta\u0142 ca\u0142kowicie wstrzymany. Samochody osobowe jad\u0105ce z Suwa\u0142k kierowane by\u0142y objazdem przez Grajewo i Szczuczyn, natomiast ruch ci\u0119\u017car\u00f3wek pozosta\u0142 zablokowany.<\/p>\n<p style=\"text-align: right\"><em>Na podst. Polsat News<\/em><\/p>\n","protected":false},"excerpt":{"rendered":"<p>Do tragicznego wypadku dosz\u0142o w sobot\u0119 nad ranem na trasie S61 w rejonie miejscowo\u015bci B\u0119\u0107kowo, pomi\u0119dzy Szczuczynem a E\u0142kiem. W zdarzeniu bra\u0142y udzia\u0142 cztery ci\u0119\u017car\u00f3wki,&hellip;<\/p>\n","protected":false},"author":3,"featured_media":3293,"comment_status":"open","ping_status":"open","sticky":false,"template":"","format":"standard","meta":{"footnotes":""},"categories":[14,18],"tags":[],"class_list":["post-3292","post","type-post","status-publish","format-standard","has-post-thumbnail","hentry","category-polska","category-top-news"],"_links":{"self":[{"href":"https:\/\/radiopoloniawinnipeg.com\/index.php\/wp-json\/wp\/v2\/posts\/3292","targetHints":{"allow":["GET"]}}],"collection":[{"href":"https:\/\/radiopoloniawinnipeg.com\/index.php\/wp-json\/wp\/v2\/posts"}],"about":[{"href":"https:\/\/radiopoloniawinnipeg.com\/index.php\/wp-json\/wp\/v2\/types\/post"}],"author":[{"embeddable":true,"href":"https:\/\/radiopoloniawinnipeg.com\/index.php\/wp-json\/wp\/v2\/users\/3"}],"replies":[{"embeddable":true,"href":"https:\/\/radiopoloniawinnipeg.com\/index.php\/wp-json\/wp\/v2\/comments?post=3292"}],"version-history":[{"count":0,"href":"https:\/\/radiopoloniawinnipeg.com\/index.php\/wp-json\/wp\/v2\/posts\/3292\/revisions"}],"wp:featuredmedia":[{"embeddable":true,"href":"https:\/\/radiopoloniawinnipeg.com\/index.php\/wp-json\/wp\/v2\/media\/3293"}],"wp:attachment":[{"href":"https:\/\/radiopoloniawinnipeg.com\/index.php\/wp-json\/wp\/v2\/media?parent=3292"}],"wp:term":[{"taxonomy":"category","embeddable":true,"href":"https:\/\/radiopoloniawinnipeg.com\/index.php\/wp-json\/wp\/v2\/categories?post=3292"},{"taxonomy":"post_tag","embeddable":true,"href":"https:\/\/radiopoloniawinnipeg.com\/index.php\/wp-json\/wp\/v2\/tags?post=3292"}],"curies":[{"name":"wp","href":"https:\/\/api.w.org\/{rel}","templated":true}]}}