{"id":3302,"date":"2025-08-17T07:30:06","date_gmt":"2025-08-17T11:30:06","guid":{"rendered":"https:\/\/radiopoloniawinnipeg.com\/index.php\/2025\/08\/17\/duda-kaczynski-ma-bagaz-prl-u-potrzebna-zmiana-pokoleniowa\/"},"modified":"2025-08-17T07:30:06","modified_gmt":"2025-08-17T11:30:06","slug":"duda-kaczynski-ma-bagaz-prl-u-potrzebna-zmiana-pokoleniowa","status":"publish","type":"post","link":"https:\/\/radiopoloniawinnipeg.com\/index.php\/2025\/08\/17\/duda-kaczynski-ma-bagaz-prl-u-potrzebna-zmiana-pokoleniowa\/","title":{"rendered":"Duda: Kaczy\u0144ski ma baga\u017c PRL-u, potrzebna zmiana pokoleniowa"},"content":{"rendered":"<p><img decoding=\"async\" loading=\"lazy\" class=\"aligncenter size-custom-full-size wp-image-220846\" src=\"https:\/\/bejsment.com\/wp-content\/uploads\/2025\/08\/aadudakaczynski2-636x358.jpg\" alt=\"\" width=\"636\" height=\"358\" \/><\/p>\n<p><strong>By\u0142y prezydent Andrzej Duda w rozmowie z \u017burnalist\u0105 ostro skrytykowa\u0142 rol\u0119 Jaros\u0142awa Kaczy\u0144skiego w polityce oraz zasugerowa\u0142 potrzeb\u0119 pokoleniowej zmiany w Prawie i Sprawiedliwo\u015bci. <\/strong><\/p>\n<p>W trzygodzinnym podca\u015bcie m\u00f3wi\u0142 tak\u017ce o w\u0142asnych relacjach z liderem PiS i Donaldem Tuskiem oraz szeroko odni\u00f3s\u0142 si\u0119 do kwestii aborcji.<\/p>\n<h3><strong>\u201eMo\u017ce potrzebne s\u0105 zmiany pokoleniowe\u201d<\/strong><\/h3>\n<p>Duda, pytany o pora\u017ck\u0119 PiS w wyborach parlamentarnych w 2023 roku, stwierdzi\u0142, \u017ce by\u0107 mo\u017ce partia wymaga \u201enowocze\u015bniejszego spojrzenia\u201d.<\/p>\n<p>\u2013 Mo\u017ce kto\u015b patrzy zbyt skostnia\u0142ymi oczami na rzeczywisto\u015b\u0107, mo\u017ce d\u017awiga za du\u017cy baga\u017c PRL-u. Czy ludzie prawie 80-letni powinni decydowa\u0107 o losach Polski? Mam powa\u017cne w\u0105tpliwo\u015bci \u2013 podkre\u015bli\u0142 by\u0142y prezydent.<\/p>\n<p>Zaznaczy\u0142, \u017ce m\u0142odsze pokolenia polityk\u00f3w, m.in. liderzy Konfederacji, patrz\u0105 na \u015bwiat inaczej i s\u0105 wolne od kompleks\u00f3w wyniesionych z czas\u00f3w komunizmu.<\/p>\n<h3><strong>Trudne relacje z Kaczy\u0144skim i Tuskiem<\/strong><\/h3>\n<p>Duda przyzna\u0142, \u017ce w swojej autobiografii rzadko wspomina o Jaros\u0142awie Kaczy\u0144skim, bo \u201ema\u0142o go by\u0142o\u201d w jego prezydenturze, zw\u0142aszcza w drugiej kadencji. Podkre\u015bli\u0142, \u017ce kilkukrotnie zaprasza\u0142 prezesa PiS do Pa\u0142acu Prezydenckiego, ale ten nigdy nie skorzysta\u0142 z zaproszenia. \u2013 W ko\u0144cu przesta\u0142em zaprasza\u0107 \u2013 doda\u0142.<\/p>\n<p>By\u0142y prezydent odni\u00f3s\u0142 si\u0119 te\u017c do zarzut\u00f3w, \u017ce by\u0142 \u201ed\u0142ugopisem\u201d prezesa PiS.<\/p>\n<p>\u2013 To by\u0142o specyficzne, bo w samym PiS by\u0142a grupa ludzi, kt\u00f3ra pracowa\u0142a nad tym, by pokazywa\u0107, \u017ce tylko Kaczy\u0144ski rz\u0105dzi, a inni nic nie znacz\u0105 \u2013 oceni\u0142.<\/p>\n<p>Duda zaznaczy\u0142 r\u00f3wnie\u017c, \u017ce podobne relacje \u0142\u0105czy\u0142y go z Donaldem Tuskiem.<\/p>\n<p>\u2013 Obaj nie znosz\u0105 sprzeciwu, obaj uwa\u017caj\u0105, \u017ce wiedz\u0105 najlepiej, co jest potrzebne Polsce. Ja mia\u0142em swoje zdanie \u2013 stwierdzi\u0142.<\/p>\n<h3><strong>Twarde stanowisko wobec aborcji<\/strong><\/h3>\n<p>By\u0142y prezydent mocno zaakcentowa\u0142 swoje pogl\u0105dy antyaborcyjne, kt\u00f3re \u2013 jak zaznaczy\u0142 \u2013 s\u0105 nawet bardziej konserwatywne ni\u017c stanowisko Jaros\u0142awa Kaczy\u0144skiego. \u2013 Nieraz dyskutowali\u015bmy o tym \u2013 ujawni\u0142.<\/p>\n<p>Duda dopuszcza aborcj\u0119 jedynie w przypadku zagro\u017cenia \u017cycia kobiety.<\/p>\n<p>\u2013 To dramatyczna decyzja, ale ostatecznie to kobieta musi zdecydowa\u0107, kto ma \u017cy\u0107 \u2013 powiedzia\u0142.<\/p>\n<p>Jednocze\u015bnie ostro skrytykowa\u0142 zwolennik\u00f3w liberalizacji prawa. \u2013 Niech niekt\u00f3re panie opowiadaj\u0105, jak \u015bwietnie jest zrobi\u0107 aborcj\u0119, cho\u0107by by\u0142y po dziesi\u0119ciu zabiegach. Tylko \u017ce potem trzeba nosi\u0107 w sumieniu \u015bwiadomo\u015b\u0107, \u017ce zabi\u0142o si\u0119 w\u0142asne dziecko \u2013 m\u00f3wi\u0142.<\/p>\n<p>\u2013 Za aborcj\u0105 mo\u017ce by\u0107 tylko kto\u015b, na kim jej nie wykonano \u2013 podsumowa\u0142.<\/p>\n<p style=\"text-align: right\"><em>Na podst. \u017burnalista<\/em><\/p>\n","protected":false},"excerpt":{"rendered":"<p>By\u0142y prezydent Andrzej Duda w rozmowie z \u017burnalist\u0105 ostro skrytykowa\u0142 rol\u0119 Jaros\u0142awa Kaczy\u0144skiego w polityce oraz zasugerowa\u0142 potrzeb\u0119 pokoleniowej zmiany w Prawie i Sprawiedliwo\u015bci. W&hellip;<\/p>\n","protected":false},"author":3,"featured_media":3303,"comment_status":"open","ping_status":"open","sticky":false,"template":"","format":"standard","meta":{"footnotes":""},"categories":[14,18],"tags":[],"class_list":["post-3302","post","type-post","status-publish","format-standard","has-post-thumbnail","hentry","category-polska","category-top-news"],"_links":{"self":[{"href":"https:\/\/radiopoloniawinnipeg.com\/index.php\/wp-json\/wp\/v2\/posts\/3302","targetHints":{"allow":["GET"]}}],"collection":[{"href":"https:\/\/radiopoloniawinnipeg.com\/index.php\/wp-json\/wp\/v2\/posts"}],"about":[{"href":"https:\/\/radiopoloniawinnipeg.com\/index.php\/wp-json\/wp\/v2\/types\/post"}],"author":[{"embeddable":true,"href":"https:\/\/radiopoloniawinnipeg.com\/index.php\/wp-json\/wp\/v2\/users\/3"}],"replies":[{"embeddable":true,"href":"https:\/\/radiopoloniawinnipeg.com\/index.php\/wp-json\/wp\/v2\/comments?post=3302"}],"version-history":[{"count":0,"href":"https:\/\/radiopoloniawinnipeg.com\/index.php\/wp-json\/wp\/v2\/posts\/3302\/revisions"}],"wp:featuredmedia":[{"embeddable":true,"href":"https:\/\/radiopoloniawinnipeg.com\/index.php\/wp-json\/wp\/v2\/media\/3303"}],"wp:attachment":[{"href":"https:\/\/radiopoloniawinnipeg.com\/index.php\/wp-json\/wp\/v2\/media?parent=3302"}],"wp:term":[{"taxonomy":"category","embeddable":true,"href":"https:\/\/radiopoloniawinnipeg.com\/index.php\/wp-json\/wp\/v2\/categories?post=3302"},{"taxonomy":"post_tag","embeddable":true,"href":"https:\/\/radiopoloniawinnipeg.com\/index.php\/wp-json\/wp\/v2\/tags?post=3302"}],"curies":[{"name":"wp","href":"https:\/\/api.w.org\/{rel}","templated":true}]}}