{"id":3306,"date":"2025-08-17T10:30:09","date_gmt":"2025-08-17T14:30:09","guid":{"rendered":"https:\/\/radiopoloniawinnipeg.com\/index.php\/2025\/08\/17\/agresywna-mieszkanka-lipian-podpalila-radiowoz-i-zaatakowala-policjantow\/"},"modified":"2025-08-17T10:30:09","modified_gmt":"2025-08-17T14:30:09","slug":"agresywna-mieszkanka-lipian-podpalila-radiowoz-i-zaatakowala-policjantow","status":"publish","type":"post","link":"https:\/\/radiopoloniawinnipeg.com\/index.php\/2025\/08\/17\/agresywna-mieszkanka-lipian-podpalila-radiowoz-i-zaatakowala-policjantow\/","title":{"rendered":"Agresywna mieszkanka Lipian podpali\u0142a radiow\u00f3z i zaatakowa\u0142a policjant\u00f3w"},"content":{"rendered":"<p><img decoding=\"async\" loading=\"lazy\" class=\"aligncenter size-custom-full-size wp-image-220857\" src=\"https:\/\/bejsment.com\/wp-content\/uploads\/2025\/08\/aalipiany-636x331.jpg\" alt=\"\" width=\"636\" height=\"331\" data-wp-editing=\"1\" \/><\/p>\n<p><strong>S\u0105d Rejonowy w Pyrzycach zdecydowa\u0142 o trzymiesi\u0119cznym areszcie dla 33-letniej mieszkanki Lipian, podejrzanej o podpalenie radiowozu i pr\u00f3b\u0119 wywo\u0142ania po\u017caru komisariatu policji. Kobiecie grozi do 10 lat wi\u0119zienia.<\/strong><\/p>\n<p>Jak poinformowa\u0142a rzeczniczka Prokuratury Okr\u0119gowej w Szczecinie Julia Szozda, g\u0142\u00f3wny zarzut dotyczy usi\u0142owania sprowadzenia zdarzenia zagra\u017caj\u0105cego mieniu wielkich rozmiar\u00f3w. Wed\u0142ug \u015bledczych kobieta chcia\u0142a spali\u0107 komisariat w Lipianach. Do tragedii nie dosz\u0142o dzi\u0119ki szybkiej akcji stra\u017cak\u00f3w.<\/p>\n<p>\u2013 Podpali\u0142a nieoznakowany radiow\u00f3z o warto\u015bci ok. 20 tys. z\u0142, zaparkowany przed komisariatem. Pojazd sp\u0142on\u0105\u0142 doszcz\u0119tnie, a ogie\u0144 uszkodzi\u0142 elewacj\u0119 budynku \u2013 przekaza\u0142a prok. Szozda.<\/p>\n<p><strong>Agresja wobec policjant\u00f3w<\/strong><\/p>\n<p>Na li\u015bcie zarzut\u00f3w znalaz\u0142a si\u0119 tak\u017ce kradzie\u017c wyposa\u017cenia samochodu. Jeszcze przed podpaleniem kobieta mia\u0142a zabra\u0107 z radiowozu radio, ko\u0142o zapasowe, apteczk\u0119 i latarki.<\/p>\n<p>Podczas zatrzymania 33-latka zachowywa\u0142a si\u0119 agresywnie \u2013 zniewa\u017ca\u0142a funkcjonariuszy, u\u017cywa\u0142a wulgaryzm\u00f3w, szarpa\u0142a i uderza\u0142a policjant\u00f3w. Wed\u0142ug prokuratury ugryz\u0142a funkcjonariuszk\u0119 w d\u0142o\u0144, pr\u00f3buj\u0105c wymusi\u0107 przerwanie interwencji.<\/p>\n<p><strong>Po\u017car w nocy<\/strong><\/p>\n<p>Do zdarzenia dosz\u0142o w nocy z czwartku na pi\u0105tek. O godzinie 4:11 stra\u017c po\u017carna otrzyma\u0142a zg\u0142oszenie o p\u0142on\u0105cym radiowozie zaparkowanym przed budynkiem komisariatu. Ogie\u0144 rozprzestrzeni\u0142 si\u0119 na fasad\u0119 budynku powoduj\u0105c jej uszkodzenie.<\/p>\n<p>Kobieta zosta\u0142a zatrzymana nast\u0119pnego dnia. Pobrano od niej krew do bada\u0144 na obecno\u015b\u0107 alkoholu i narkotyk\u00f3w. S\u0105d uwzgl\u0119dni\u0142 wniosek prokuratury i zastosowa\u0142 wobec podejrzanej tymczasowy areszt na trzy miesi\u0105ce.<\/p>\n<p style=\"text-align: right\"><em>Na podst. Polsat News<\/em><\/p>\n","protected":false},"excerpt":{"rendered":"<p>S\u0105d Rejonowy w Pyrzycach zdecydowa\u0142 o trzymiesi\u0119cznym areszcie dla 33-letniej mieszkanki Lipian, podejrzanej o podpalenie radiowozu i pr\u00f3b\u0119 wywo\u0142ania po\u017caru komisariatu policji. Kobiecie grozi do&hellip;<\/p>\n","protected":false},"author":3,"featured_media":3307,"comment_status":"open","ping_status":"open","sticky":false,"template":"","format":"standard","meta":{"footnotes":""},"categories":[14,18],"tags":[],"class_list":["post-3306","post","type-post","status-publish","format-standard","has-post-thumbnail","hentry","category-polska","category-top-news"],"_links":{"self":[{"href":"https:\/\/radiopoloniawinnipeg.com\/index.php\/wp-json\/wp\/v2\/posts\/3306","targetHints":{"allow":["GET"]}}],"collection":[{"href":"https:\/\/radiopoloniawinnipeg.com\/index.php\/wp-json\/wp\/v2\/posts"}],"about":[{"href":"https:\/\/radiopoloniawinnipeg.com\/index.php\/wp-json\/wp\/v2\/types\/post"}],"author":[{"embeddable":true,"href":"https:\/\/radiopoloniawinnipeg.com\/index.php\/wp-json\/wp\/v2\/users\/3"}],"replies":[{"embeddable":true,"href":"https:\/\/radiopoloniawinnipeg.com\/index.php\/wp-json\/wp\/v2\/comments?post=3306"}],"version-history":[{"count":0,"href":"https:\/\/radiopoloniawinnipeg.com\/index.php\/wp-json\/wp\/v2\/posts\/3306\/revisions"}],"wp:featuredmedia":[{"embeddable":true,"href":"https:\/\/radiopoloniawinnipeg.com\/index.php\/wp-json\/wp\/v2\/media\/3307"}],"wp:attachment":[{"href":"https:\/\/radiopoloniawinnipeg.com\/index.php\/wp-json\/wp\/v2\/media?parent=3306"}],"wp:term":[{"taxonomy":"category","embeddable":true,"href":"https:\/\/radiopoloniawinnipeg.com\/index.php\/wp-json\/wp\/v2\/categories?post=3306"},{"taxonomy":"post_tag","embeddable":true,"href":"https:\/\/radiopoloniawinnipeg.com\/index.php\/wp-json\/wp\/v2\/tags?post=3306"}],"curies":[{"name":"wp","href":"https:\/\/api.w.org\/{rel}","templated":true}]}}