{"id":3310,"date":"2025-08-17T12:15:05","date_gmt":"2025-08-17T16:15:05","guid":{"rendered":"https:\/\/radiopoloniawinnipeg.com\/index.php\/2025\/08\/17\/trump-chce-spotkania-z-zelenskim-i-putinem-rozmowy-22-sierpnia\/"},"modified":"2025-08-17T12:15:05","modified_gmt":"2025-08-17T16:15:05","slug":"trump-chce-spotkania-z-zelenskim-i-putinem-rozmowy-22-sierpnia","status":"publish","type":"post","link":"https:\/\/radiopoloniawinnipeg.com\/index.php\/2025\/08\/17\/trump-chce-spotkania-z-zelenskim-i-putinem-rozmowy-22-sierpnia\/","title":{"rendered":"Trump chce spotkania z Ze\u0142enskim i Putinem. Rozmowy 22 sierpnia?"},"content":{"rendered":"<p><img decoding=\"async\" loading=\"lazy\" class=\"aligncenter size-custom-full-size wp-image-220870\" src=\"https:\/\/bejsment.com\/wp-content\/uploads\/2025\/08\/aatpz-636x358.jpg\" alt=\"\" width=\"636\" height=\"358\" \/><\/p>\n<p><strong>Donald Trump zaproponowa\u0142 zorganizowanie szczytu pokojowego z udzia\u0142em prezydenta Ukrainy Wo\u0142odymyra Ze\u0142enskiego i prezydenta Rosji W\u0142adimira Putina. Wed\u0142ug \u017ar\u00f3de\u0142 bliskich Bia\u0142emu Domowi, rozmowy mia\u0142yby si\u0119 odby\u0107 w pi\u0105tek, 22 sierpnia.<\/strong><\/p>\n<p>Propozycja mia\u0142a zosta\u0107 wysuni\u0119ta podczas rozmowy ameryka\u0144skiego prezydenta z Ze\u0142enskim, kt\u00f3ry wyrazi\u0142 gotowo\u015b\u0107 do bezpo\u015bredniego spotkania z Putinem.<\/p>\n<h3><strong>Europejscy liderzy te\u017c polec\u0105?<\/strong><\/h3>\n<p>Nie jest wykluczone, \u017ce przed planowanym szczytem do Waszyngtonu przyjad\u0105 tak\u017ce przyw\u00f3dcy europejscy. Jak poda\u0142 portal <em>Axios<\/em>, zaproszenia mia\u0142y ju\u017c trafi\u0107 do kilku stolic Unii Europejskiej. W\u0105tpliwo\u015bci co do udzia\u0142u Polski wyrazi\u0142 jednak szef MSZ Rados\u0142aw Sikorski, okre\u015blaj\u0105c te doniesienia jako \u201espekulacje\u201d.<\/p>\n<p>Pewne jest natomiast spotkanie tzw. \u201ekoalicji ch\u0119tnych\u201d, zwo\u0142ane z inicjatywy Francji. Odb\u0119dzie si\u0119 ono w niedziel\u0119 o godz. 15.00 w formule wideokonferencji. Polski udzia\u0142 w spotkaniu potwierdzi\u0142 minister Sikorski, podkre\u015blaj\u0105c jednocze\u015bnie, \u017ce nie oznacza to plan\u00f3w wys\u0142ania polskich wojsk na Ukrain\u0119.<\/p>\n<h3><strong>Warunki Kremla i propozycje Trumpa<\/strong><\/h3>\n<p><em>New York Times<\/em> ujawni\u0142 kulisy ostatniej rozmowy Trumpa z Ze\u0142enskim. Ameryka\u0144ski prezydent mia\u0142 przekaza\u0107 ukrai\u0144skiemu przyw\u00f3dcy warunki stawiane przez Putina. Kreml domaga si\u0119 przej\u0119cia ca\u0142ego Donbasu w zamian za zamro\u017cenie frontu w obwodach cherso\u0144skim i zaporoskim. Ze\u0142enski mia\u0142 odrzuci\u0107 t\u0119 propozycj\u0119.<\/p>\n<p>Trump przedstawi\u0142 natomiast koncepcj\u0119 gwarancji bezpiecze\u0144stwa dla Ukrainy, podobnych do artyku\u0142u 5 Traktatu P\u00f3\u0142nocnoatlantyckiego, lecz bez formalnego cz\u0142onkostwa w NATO. Pocz\u0105tkowo oczekiwa\u0142 zawieszenia broni jako warunku rozpocz\u0119cia negocjacji, p\u00f3\u017aniej jednak mia\u0142 opowiedzie\u0107 si\u0119 za natychmiastowym porozumieniem pokojowym. Kij\u00f3w podtrzymuje swoje stanowisko, \u017ce zawieszenie broni musi poprzedza\u0107 jakiekolwiek rozmowy.<\/p>\n<p style=\"text-align: right\"><em>Na podst. CNN<\/em><\/p>\n","protected":false},"excerpt":{"rendered":"<p>Donald Trump zaproponowa\u0142 zorganizowanie szczytu pokojowego z udzia\u0142em prezydenta Ukrainy Wo\u0142odymyra Ze\u0142enskiego i prezydenta Rosji W\u0142adimira Putina. Wed\u0142ug \u017ar\u00f3de\u0142 bliskich Bia\u0142emu Domowi, rozmowy mia\u0142yby si\u0119&hellip;<\/p>\n","protected":false},"author":3,"featured_media":3311,"comment_status":"open","ping_status":"open","sticky":false,"template":"","format":"standard","meta":{"footnotes":""},"categories":[15,18],"tags":[],"class_list":["post-3310","post","type-post","status-publish","format-standard","has-post-thumbnail","hentry","category-swiat","category-top-news"],"_links":{"self":[{"href":"https:\/\/radiopoloniawinnipeg.com\/index.php\/wp-json\/wp\/v2\/posts\/3310","targetHints":{"allow":["GET"]}}],"collection":[{"href":"https:\/\/radiopoloniawinnipeg.com\/index.php\/wp-json\/wp\/v2\/posts"}],"about":[{"href":"https:\/\/radiopoloniawinnipeg.com\/index.php\/wp-json\/wp\/v2\/types\/post"}],"author":[{"embeddable":true,"href":"https:\/\/radiopoloniawinnipeg.com\/index.php\/wp-json\/wp\/v2\/users\/3"}],"replies":[{"embeddable":true,"href":"https:\/\/radiopoloniawinnipeg.com\/index.php\/wp-json\/wp\/v2\/comments?post=3310"}],"version-history":[{"count":0,"href":"https:\/\/radiopoloniawinnipeg.com\/index.php\/wp-json\/wp\/v2\/posts\/3310\/revisions"}],"wp:featuredmedia":[{"embeddable":true,"href":"https:\/\/radiopoloniawinnipeg.com\/index.php\/wp-json\/wp\/v2\/media\/3311"}],"wp:attachment":[{"href":"https:\/\/radiopoloniawinnipeg.com\/index.php\/wp-json\/wp\/v2\/media?parent=3310"}],"wp:term":[{"taxonomy":"category","embeddable":true,"href":"https:\/\/radiopoloniawinnipeg.com\/index.php\/wp-json\/wp\/v2\/categories?post=3310"},{"taxonomy":"post_tag","embeddable":true,"href":"https:\/\/radiopoloniawinnipeg.com\/index.php\/wp-json\/wp\/v2\/tags?post=3310"}],"curies":[{"name":"wp","href":"https:\/\/api.w.org\/{rel}","templated":true}]}}