{"id":3330,"date":"2025-08-18T12:15:08","date_gmt":"2025-08-18T16:15:08","guid":{"rendered":"https:\/\/radiopoloniawinnipeg.com\/index.php\/2025\/08\/18\/zelenski-w-waszyngtonie-pokoj-musi-byc-trwaly\/"},"modified":"2025-08-18T12:15:08","modified_gmt":"2025-08-18T16:15:08","slug":"zelenski-w-waszyngtonie-pokoj-musi-byc-trwaly","status":"publish","type":"post","link":"https:\/\/radiopoloniawinnipeg.com\/index.php\/2025\/08\/18\/zelenski-w-waszyngtonie-pokoj-musi-byc-trwaly\/","title":{"rendered":"Ze\u0142enski w Waszyngtonie: \u201ePok\u00f3j musi by\u0107 trwa\u0142y\u201d"},"content":{"rendered":"<p><img decoding=\"async\" loading=\"lazy\" class=\"aligncenter size-custom-full-size wp-image-220949\" src=\"https:\/\/bejsment.com\/wp-content\/uploads\/2025\/08\/aazelenski2-636x478.jpg\" alt=\"\" width=\"636\" height=\"478\" \/><\/p>\n<p><strong>Prezydent Ukrainy Wo\u0142odymyr Ze\u0142enski przyby\u0142 w niedziel\u0119 wieczorem do Waszyngtonu, gdzie w poniedzia\u0142ek spotka si\u0119 z prezydentem USA Donaldem Trumpem, a nast\u0119pnie z europejskimi przyw\u00f3dcami. Ukrai\u0144ski lider podkre\u015bli\u0142, \u017ce d\u0105\u017cy do pokoju, kt\u00f3ry uniemo\u017cliwi Rosji kolejne inwazje.<\/strong><\/p>\n<p>\u2013 Ju\u017c przyby\u0142em do Waszyngtonu, jutro spotykam si\u0119 z prezydentem Trumpem. Wszyscy podzielamy silne pragnienie szybkiego zako\u0144czenia tej wojny. Ale pok\u00f3j musi by\u0107 trwa\u0142y \u2013 zaznaczy\u0142 Ze\u0142enski we wpisie na platformie X.<\/p>\n<p>Prezydent Ukrainy przypomnia\u0142, \u017ce w przesz\u0142o\u015bci Moskwa wykorzysta\u0142a kompromisy do przygotowania nowych agresji. Wskaza\u0142 na aneksj\u0119 Krymu w 2014 roku oraz nieefektywne \u201egwarancje bezpiecze\u0144stwa\u201d z 1994 roku.<\/p>\n<p>Jego s\u0142owa by\u0142y reakcj\u0105 na wcze\u015bniejszy wpis Donalda Trumpa. Prezydent USA wykluczy\u0142 mo\u017cliwo\u015b\u0107 zwrotu Krymu Ukrainie i stwierdzi\u0142, \u017ce Ze\u0142enski \u201emo\u017ce zako\u0144czy\u0107 wojn\u0119 niemal natychmiast, je\u015bli zechce\u201d. Trump ponownie podkre\u015bli\u0142 te\u017c sw\u00f3j sprzeciw wobec wej\u015bcia Ukrainy do NATO.<\/p>\n<p>Ze\u0142enski odpowiedzia\u0142 pytaniem: \u2013 Krymu nie nale\u017ca\u0142o oddawa\u0107, tak jak nie oddawali\u015bmy Kijowa, Odessy ani Charkowa po 2022 roku?<\/p>\n<p>Ukrai\u0144ski przyw\u00f3dca zapewni\u0142, \u017ce jego wojsko odnosi sukcesy w obwodach donieckim i sumskim, a bezpiecze\u0144stwo kraju b\u0119dzie mo\u017cliwe przy wsparciu USA i sojusznik\u00f3w z Europy. \u2013 Rosja musi zako\u0144czy\u0107 t\u0119 wojn\u0119, kt\u00f3r\u0105 sama rozpocz\u0119\u0142a \u2013 podkre\u015bli\u0142.<\/p>\n<p>Spotkanie Ze\u0142enskiego z Donaldem Trumpem zaplanowano na poniedzia\u0142ek o godz. 13 w Bia\u0142ym Domu. Nast\u0119pnie do rozm\u00f3w do\u0142\u0105cz\u0105 europejscy liderzy, kt\u00f3rzy zgodnie z harmonogramem przyb\u0119d\u0105 do Waszyngtonu wcze\u015bniej, ale zostan\u0105 powitani dopiero po zako\u0144czeniu spotkania dwustronnego. Rozszerzone obrady rozpoczn\u0105 si\u0119 o godz. 15.<\/p>\n<p>Ze\u0142enski przylecia\u0142 do USA z Brukseli, gdzie spotka\u0142 si\u0119 z przewodnicz\u0105c\u0105 Komisji Europejskiej Ursul\u0105 von der Leyen. Szefowa KE podkre\u015bli\u0142a, \u017ce uda\u0142a si\u0119 do Waszyngtonu na pro\u015bb\u0119 ukrai\u0144skiego prezydenta i r\u00f3wnie\u017c we\u017amie udzia\u0142 w rozmowach.<\/p>\n<p>Donald Trump okre\u015bli\u0142 poniedzia\u0142kowe wydarzenia w Bia\u0142ym Domu jako \u201ehistoryczne\u201d, podkre\u015blaj\u0105c, \u017ce nigdy wcze\u015bniej tylu europejskich przyw\u00f3dc\u00f3w nie go\u015bci\u0142o jednocze\u015bnie w USA.<\/p>\n<p style=\"text-align: right\"><em>Na podst. AP, i.Pl<\/em><\/p>\n","protected":false},"excerpt":{"rendered":"<p>Prezydent Ukrainy Wo\u0142odymyr Ze\u0142enski przyby\u0142 w niedziel\u0119 wieczorem do Waszyngtonu, gdzie w poniedzia\u0142ek spotka si\u0119 z prezydentem USA Donaldem Trumpem, a nast\u0119pnie z europejskimi przyw\u00f3dcami.&hellip;<\/p>\n","protected":false},"author":3,"featured_media":3331,"comment_status":"open","ping_status":"open","sticky":false,"template":"","format":"standard","meta":{"footnotes":""},"categories":[15,18],"tags":[],"class_list":["post-3330","post","type-post","status-publish","format-standard","has-post-thumbnail","hentry","category-swiat","category-top-news"],"_links":{"self":[{"href":"https:\/\/radiopoloniawinnipeg.com\/index.php\/wp-json\/wp\/v2\/posts\/3330","targetHints":{"allow":["GET"]}}],"collection":[{"href":"https:\/\/radiopoloniawinnipeg.com\/index.php\/wp-json\/wp\/v2\/posts"}],"about":[{"href":"https:\/\/radiopoloniawinnipeg.com\/index.php\/wp-json\/wp\/v2\/types\/post"}],"author":[{"embeddable":true,"href":"https:\/\/radiopoloniawinnipeg.com\/index.php\/wp-json\/wp\/v2\/users\/3"}],"replies":[{"embeddable":true,"href":"https:\/\/radiopoloniawinnipeg.com\/index.php\/wp-json\/wp\/v2\/comments?post=3330"}],"version-history":[{"count":0,"href":"https:\/\/radiopoloniawinnipeg.com\/index.php\/wp-json\/wp\/v2\/posts\/3330\/revisions"}],"wp:featuredmedia":[{"embeddable":true,"href":"https:\/\/radiopoloniawinnipeg.com\/index.php\/wp-json\/wp\/v2\/media\/3331"}],"wp:attachment":[{"href":"https:\/\/radiopoloniawinnipeg.com\/index.php\/wp-json\/wp\/v2\/media?parent=3330"}],"wp:term":[{"taxonomy":"category","embeddable":true,"href":"https:\/\/radiopoloniawinnipeg.com\/index.php\/wp-json\/wp\/v2\/categories?post=3330"},{"taxonomy":"post_tag","embeddable":true,"href":"https:\/\/radiopoloniawinnipeg.com\/index.php\/wp-json\/wp\/v2\/tags?post=3330"}],"curies":[{"name":"wp","href":"https:\/\/api.w.org\/{rel}","templated":true}]}}