{"id":3334,"date":"2025-08-18T14:30:08","date_gmt":"2025-08-18T18:30:08","guid":{"rendered":"https:\/\/radiopoloniawinnipeg.com\/index.php\/2025\/08\/18\/pozar-w-hotelu-senator-w-starachowicach-ewakuowano-180-osob\/"},"modified":"2025-08-18T14:30:08","modified_gmt":"2025-08-18T18:30:08","slug":"pozar-w-hotelu-senator-w-starachowicach-ewakuowano-180-osob","status":"publish","type":"post","link":"https:\/\/radiopoloniawinnipeg.com\/index.php\/2025\/08\/18\/pozar-w-hotelu-senator-w-starachowicach-ewakuowano-180-osob\/","title":{"rendered":"Po\u017car w hotelu Senator w Starachowicach. Ewakuowano 180 os\u00f3b"},"content":{"rendered":"<p><img decoding=\"async\" loading=\"lazy\" class=\"aligncenter size-custom-full-size wp-image-220930\" src=\"https:\/\/bejsment.com\/wp-content\/uploads\/2025\/08\/aapozarhotelu2-636x358.jpg\" alt=\"\" width=\"636\" height=\"358\" \/><\/p>\n<p><strong>Stra\u017cacy opanowali po\u017car, kt\u00f3ry wybuch\u0142 w sobotnie popo\u0142udnie w hotelu Senator w Starachowicach. Z budynku ewakuowano 180 os\u00f3b \u2013 go\u015bci i personel. Nikt nie ucierpia\u0142, ale straty oceniane s\u0105 na miliony z\u0142otych.<\/strong><\/p>\n<p>Ogie\u0144 pojawi\u0142 si\u0119 w nieu\u017cytkowanej cz\u0119\u015bci obiektu, na poddaszu, do kt\u00f3rego nie by\u0142o bezpo\u015bredniego dost\u0119pu. \u2013 Dzi\u0119ki wzorowemu zachowaniu obs\u0142ugi hotelu ewakuowano oko\u0142o 180 os\u00f3b w bezpieczne miejsce \u2013 poinformowa\u0142 st. bryg. Marcin Nyga z Komendy Wojew\u00f3dzkiej PSP w Kielcach.<\/p>\n<p>Stra\u017cacy musieli wycina\u0107 otwory w suficie i \u015bcianach, aby dosta\u0107 si\u0119 do \u017ar\u00f3d\u0142a ognia. Po\u017car obj\u0105\u0142 oko\u0142o 450 m\u00b2, ale uda\u0142o si\u0119 go zatrzyma\u0107, zanim rozprzestrzeni\u0142 si\u0119 na ca\u0142y budynek. \u2013 Na t\u0119 chwil\u0119 nie ma ognia, nic si\u0119 nie dymi. Jednak z uwagi na skomplikowan\u0105 konstrukcj\u0119 dachu podejrzewamy, \u017ce co\u015b mo\u017ce si\u0119 jeszcze tli\u0107 \u2013 podkre\u015bli\u0142 Nyga.<\/p>\n<p>Miejsce zdarzenia przez ca\u0142\u0105 noc b\u0119dzie nadzorowane przez stra\u017cak\u00f3w. W niedziel\u0119 rano planowane s\u0105 prace rozbi\u00f3rkowe dachu. Dok\u0142adn\u0105 przyczyn\u0119 po\u017caru maj\u0105 ustali\u0107 biegli.<\/p>\n<p style=\"text-align: right\"><em>Na podst. i.Pl<\/em><\/p>\n","protected":false},"excerpt":{"rendered":"<p>Stra\u017cacy opanowali po\u017car, kt\u00f3ry wybuch\u0142 w sobotnie popo\u0142udnie w hotelu Senator w Starachowicach. Z budynku ewakuowano 180 os\u00f3b \u2013 go\u015bci i personel. Nikt nie ucierpia\u0142,&hellip;<\/p>\n","protected":false},"author":3,"featured_media":3335,"comment_status":"open","ping_status":"open","sticky":false,"template":"","format":"standard","meta":{"footnotes":""},"categories":[14,18],"tags":[],"class_list":["post-3334","post","type-post","status-publish","format-standard","has-post-thumbnail","hentry","category-polska","category-top-news"],"_links":{"self":[{"href":"https:\/\/radiopoloniawinnipeg.com\/index.php\/wp-json\/wp\/v2\/posts\/3334","targetHints":{"allow":["GET"]}}],"collection":[{"href":"https:\/\/radiopoloniawinnipeg.com\/index.php\/wp-json\/wp\/v2\/posts"}],"about":[{"href":"https:\/\/radiopoloniawinnipeg.com\/index.php\/wp-json\/wp\/v2\/types\/post"}],"author":[{"embeddable":true,"href":"https:\/\/radiopoloniawinnipeg.com\/index.php\/wp-json\/wp\/v2\/users\/3"}],"replies":[{"embeddable":true,"href":"https:\/\/radiopoloniawinnipeg.com\/index.php\/wp-json\/wp\/v2\/comments?post=3334"}],"version-history":[{"count":0,"href":"https:\/\/radiopoloniawinnipeg.com\/index.php\/wp-json\/wp\/v2\/posts\/3334\/revisions"}],"wp:featuredmedia":[{"embeddable":true,"href":"https:\/\/radiopoloniawinnipeg.com\/index.php\/wp-json\/wp\/v2\/media\/3335"}],"wp:attachment":[{"href":"https:\/\/radiopoloniawinnipeg.com\/index.php\/wp-json\/wp\/v2\/media?parent=3334"}],"wp:term":[{"taxonomy":"category","embeddable":true,"href":"https:\/\/radiopoloniawinnipeg.com\/index.php\/wp-json\/wp\/v2\/categories?post=3334"},{"taxonomy":"post_tag","embeddable":true,"href":"https:\/\/radiopoloniawinnipeg.com\/index.php\/wp-json\/wp\/v2\/tags?post=3334"}],"curies":[{"name":"wp","href":"https:\/\/api.w.org\/{rel}","templated":true}]}}