{"id":3340,"date":"2025-08-18T18:15:05","date_gmt":"2025-08-18T22:15:05","guid":{"rendered":"https:\/\/radiopoloniawinnipeg.com\/index.php\/2025\/08\/18\/grozil-nozem-88-letniej-tesciowej-ukradl-jej-rente\/"},"modified":"2025-08-18T18:15:05","modified_gmt":"2025-08-18T22:15:05","slug":"grozil-nozem-88-letniej-tesciowej-ukradl-jej-rente","status":"publish","type":"post","link":"https:\/\/radiopoloniawinnipeg.com\/index.php\/2025\/08\/18\/grozil-nozem-88-letniej-tesciowej-ukradl-jej-rente\/","title":{"rendered":"Grozi\u0142 no\u017cem 88-letniej te\u015bciowej. Ukrad\u0142 jej rent\u0119"},"content":{"rendered":"<p><img decoding=\"async\" loading=\"lazy\" class=\"aligncenter size-custom-full-size wp-image-220935\" src=\"https:\/\/bejsment.com\/wp-content\/uploads\/2025\/08\/aarozboj-636x358.jpg\" alt=\"\" width=\"636\" height=\"358\" \/><\/p>\n<p><strong>Do 20 lat wi\u0119zienia grozi 59-letniemu mieszka\u0144cowi Lubelszczyzny, kt\u00f3ry napad\u0142 na swoj\u0105 88-letni\u0105 te\u015bciow\u0105 i zabra\u0142 jej ponad dwa tysi\u0105ce z\u0142otych renty.<\/strong><\/p>\n<p>Do zdarzenia dosz\u0142o w jednej z miejscowo\u015bci powiatu che\u0142mskiego. Jak przekaza\u0142a nadkom. Ewa Czy\u017c z Komendy Miejskiej Policji w Che\u0142mie, m\u0119\u017cczyzna wszed\u0142 do mieszkania starszej kobiety, trzymaj\u0105c w r\u0119ku n\u00f3\u017c, i gro\u017c\u0105c jego u\u017cyciem za\u017c\u0105da\u0142 od niej pieni\u0119dzy. Seniorka przekaza\u0142a mu got\u00f3wk\u0119, po czym napastnik opu\u015bci\u0142 mieszkanie.<\/p>\n<p>Policjanci zatrzymali 59-latka na terenie jednej z posesji. Funkcjonariusze ustalili, \u017ce nie by\u0142 to jedyny przypadek przemocy wobec starszej kobiety. Od blisko roku m\u0119\u017cczyzna mia\u0142 zn\u0119ca\u0107 si\u0119 nad ni\u0105 psychicznie \u2013 wszczyna\u0142 awantury, grozi\u0142 pozbawieniem \u017cycia, wyzywa\u0142 j\u0105 i z\u0142o\u015bliwie utrudnia\u0142 codzienne funkcjonowanie, najcz\u0119\u015bciej pod wp\u0142ywem alkoholu.<\/p>\n<p>S\u0105d zastosowa\u0142 wobec zatrzymanego tymczasowy areszt na trzy miesi\u0105ce. Za rozb\u00f3j z u\u017cyciem niebezpiecznego narz\u0119dzia grozi mu kara nawet do 20 lat pozbawienia wolno\u015bci.<\/p>\n<p style=\"text-align: right\"><em>Na podst. i.Pl<\/em><\/p>\n","protected":false},"excerpt":{"rendered":"<p>Do 20 lat wi\u0119zienia grozi 59-letniemu mieszka\u0144cowi Lubelszczyzny, kt\u00f3ry napad\u0142 na swoj\u0105 88-letni\u0105 te\u015bciow\u0105 i zabra\u0142 jej ponad dwa tysi\u0105ce z\u0142otych renty. Do zdarzenia dosz\u0142o&hellip;<\/p>\n","protected":false},"author":3,"featured_media":3341,"comment_status":"open","ping_status":"open","sticky":false,"template":"","format":"standard","meta":{"footnotes":""},"categories":[14,18],"tags":[],"class_list":["post-3340","post","type-post","status-publish","format-standard","has-post-thumbnail","hentry","category-polska","category-top-news"],"_links":{"self":[{"href":"https:\/\/radiopoloniawinnipeg.com\/index.php\/wp-json\/wp\/v2\/posts\/3340","targetHints":{"allow":["GET"]}}],"collection":[{"href":"https:\/\/radiopoloniawinnipeg.com\/index.php\/wp-json\/wp\/v2\/posts"}],"about":[{"href":"https:\/\/radiopoloniawinnipeg.com\/index.php\/wp-json\/wp\/v2\/types\/post"}],"author":[{"embeddable":true,"href":"https:\/\/radiopoloniawinnipeg.com\/index.php\/wp-json\/wp\/v2\/users\/3"}],"replies":[{"embeddable":true,"href":"https:\/\/radiopoloniawinnipeg.com\/index.php\/wp-json\/wp\/v2\/comments?post=3340"}],"version-history":[{"count":0,"href":"https:\/\/radiopoloniawinnipeg.com\/index.php\/wp-json\/wp\/v2\/posts\/3340\/revisions"}],"wp:featuredmedia":[{"embeddable":true,"href":"https:\/\/radiopoloniawinnipeg.com\/index.php\/wp-json\/wp\/v2\/media\/3341"}],"wp:attachment":[{"href":"https:\/\/radiopoloniawinnipeg.com\/index.php\/wp-json\/wp\/v2\/media?parent=3340"}],"wp:term":[{"taxonomy":"category","embeddable":true,"href":"https:\/\/radiopoloniawinnipeg.com\/index.php\/wp-json\/wp\/v2\/categories?post=3340"},{"taxonomy":"post_tag","embeddable":true,"href":"https:\/\/radiopoloniawinnipeg.com\/index.php\/wp-json\/wp\/v2\/tags?post=3340"}],"curies":[{"name":"wp","href":"https:\/\/api.w.org\/{rel}","templated":true}]}}