{"id":3350,"date":"2025-08-19T08:30:06","date_gmt":"2025-08-19T12:30:06","guid":{"rendered":"https:\/\/radiopoloniawinnipeg.com\/index.php\/2025\/08\/19\/nawrocki-w-polityce-bezpieczenstwa-nie-ma-miejsca-na-emocje\/"},"modified":"2025-08-19T08:30:06","modified_gmt":"2025-08-19T12:30:06","slug":"nawrocki-w-polityce-bezpieczenstwa-nie-ma-miejsca-na-emocje","status":"publish","type":"post","link":"https:\/\/radiopoloniawinnipeg.com\/index.php\/2025\/08\/19\/nawrocki-w-polityce-bezpieczenstwa-nie-ma-miejsca-na-emocje\/","title":{"rendered":"Nawrocki: W polityce bezpiecze\u0144stwa nie ma miejsca na emocje"},"content":{"rendered":"<div id=\"attachment_220977\" style=\"width: 646px\" class=\"wp-caption aligncenter\"><img decoding=\"async\" loading=\"lazy\" aria-describedby=\"caption-attachment-220977\" class=\"size-custom-full-size wp-image-220977\" src=\"https:\/\/bejsment.com\/wp-content\/uploads\/2025\/08\/aaprezdoradcy-636x424.jpg\" alt=\"\" width=\"636\" height=\"424\" \/><\/p>\n<p id=\"caption-attachment-220977\" class=\"wp-caption-text\">Prezydent Karol Nawrocki wraz z doradcami.<\/p>\n<\/div>\n<p><strong>Prezydent Karol Nawrocki odni\u00f3s\u0142 si\u0119 do spotkania, jakie odby\u0142o si\u0119 w Bia\u0142ym Domu, w kt\u00f3rym wzi\u0119li udzia\u0142 przyw\u00f3dcy tzw. \u201ekoalicji ch\u0119tnych\u201d, ale bez udzia\u0142u Polski. \u2013 To prezydent Ze\u0142enski zaprasza\u0142 tych, kt\u00f3rzy maj\u0105 by\u0107 w Waszyngtonie. Polska od dawna reprezentowana jest w tym formacie przez rz\u0105d. A ja ju\u017c 3 wrze\u015bnia spotkam si\u0119 z prezydentem Trumpem \u2013 zapewni\u0142 Nawrocki.<\/strong><\/p>\n<p>Podkre\u015bli\u0142, \u017ce w ostatnim tygodniu odby\u0142 dwie rozmowy z Donaldem Trumpem i europejskimi liderami, jasno przedstawiaj\u0105c polsk\u0105 nieufno\u015b\u0107 wobec W\u0142adimira Putina. \u2013 Apeluj\u0119 o spok\u00f3j i rozwag\u0119. W kwestiach bezpiecze\u0144stwa pa\u0144stwa nie ma miejsca na polityczne emocje \u2013 m\u00f3wi\u0142, zaznaczaj\u0105c, \u017ce pozostaje w sta\u0142ym kontakcie z premierem Donaldem Tuskiem.<\/p>\n<h3><strong>Nowi doradcy w Pa\u0142acu Prezydenckim<\/strong><\/h3>\n<p>Podczas wyst\u0105pienia prezydent og\u0142osi\u0142 szerokie grono doradc\u00f3w z r\u00f3\u017cnych \u015brodowisk. W\u015br\u00f3d nich znale\u017ali si\u0119 m.in.:<\/p>\n<ul>\n<li><strong>prof. Andrzej Nowak<\/strong> \u2013 historyk XX wieku,<\/li>\n<li><strong>prof. Piotr Czauderna<\/strong> \u2013 ekspert ds. zdrowia i reform,<\/li>\n<li><strong>Tomasz Obsza\u0144ski<\/strong> \u2013 reprezentant rolnik\u00f3w,<\/li>\n<li><strong>Bogdan Kubiak<\/strong> \u2013 przedstawiciel \u201eSolidarno\u015bci\u201d,<\/li>\n<li><strong>prof. Jacek Saryusz-Wolski<\/strong> \u2013 doradca ds. UE,<\/li>\n<li><strong>Rados\u0142aw Gruk<\/strong> \u2013 dyplomata z wieloletnim do\u015bwiadczeniem,<\/li>\n<li><strong>Rados\u0142aw Bujak<\/strong> \u2013 reprezentant so\u0142tys\u00f3w i lokalnych samorz\u0105d\u00f3w,<\/li>\n<li><strong>Piotr G\u0142owacki, Pawe\u0142 Gruza, Wanda Buk<\/strong> \u2013 eksperci ds. podatk\u00f3w i deregulacji,<\/li>\n<li><strong>Barbara Socha<\/strong> \u2013 demografia,<\/li>\n<li><strong>Jan J\u00f3zef Kasprzyk<\/strong> \u2013 dziedzictwo kombatant\u00f3w,<\/li>\n<li><strong>Magdalena Hajduk<\/strong> \u2013 nowe technologie,<\/li>\n<li><strong>Beata Kempa<\/strong> \u2013 sprawy humanitarne i spo\u0142eczne,<\/li>\n<li><strong>B\u0142a\u017cej Pobo\u017cy i p\u0142k Krzysztof Wac\u0142awek<\/strong> \u2013 bezpiecze\u0144stwo pa\u0144stwa,<\/li>\n<li><strong>S\u0142awomir Mazurek<\/strong> \u2013 ochrona \u015brodowiska,<\/li>\n<li><strong>prof. Dariusz Dudek<\/strong> \u2013 konstytucjonalista,<\/li>\n<li><strong>Alvin Gajadhur<\/strong> \u2013 infrastruktura.<\/li>\n<\/ul>\n<p>Prezydent zaznaczy\u0142, \u017ce to dopiero pierwszy etap powo\u0142ywania doradc\u00f3w, a lista b\u0119dzie sukcesywnie poszerzana.<\/p>\n<p>\u2013 Chc\u0119 by\u0107 prezydentem, kt\u00f3ry s\u0142ucha nie tylko spraw wielkiej polityki, ale i g\u0142osu polskich so\u0142tys\u00f3w czy rad dzielnic \u2013 podkre\u015bli\u0142 Nawrocki.<\/p>\n<p style=\"text-align: right\"><em>Na podst. Polsat News<\/em><\/p>\n","protected":false},"excerpt":{"rendered":"<p>Prezydent Karol Nawrocki wraz z doradcami. Prezydent Karol Nawrocki odni\u00f3s\u0142 si\u0119 do spotkania, jakie odby\u0142o si\u0119 w Bia\u0142ym Domu, w kt\u00f3rym wzi\u0119li udzia\u0142 przyw\u00f3dcy tzw.&hellip;<\/p>\n","protected":false},"author":3,"featured_media":3351,"comment_status":"open","ping_status":"open","sticky":false,"template":"","format":"standard","meta":{"footnotes":""},"categories":[14,18],"tags":[],"class_list":["post-3350","post","type-post","status-publish","format-standard","has-post-thumbnail","hentry","category-polska","category-top-news"],"_links":{"self":[{"href":"https:\/\/radiopoloniawinnipeg.com\/index.php\/wp-json\/wp\/v2\/posts\/3350","targetHints":{"allow":["GET"]}}],"collection":[{"href":"https:\/\/radiopoloniawinnipeg.com\/index.php\/wp-json\/wp\/v2\/posts"}],"about":[{"href":"https:\/\/radiopoloniawinnipeg.com\/index.php\/wp-json\/wp\/v2\/types\/post"}],"author":[{"embeddable":true,"href":"https:\/\/radiopoloniawinnipeg.com\/index.php\/wp-json\/wp\/v2\/users\/3"}],"replies":[{"embeddable":true,"href":"https:\/\/radiopoloniawinnipeg.com\/index.php\/wp-json\/wp\/v2\/comments?post=3350"}],"version-history":[{"count":0,"href":"https:\/\/radiopoloniawinnipeg.com\/index.php\/wp-json\/wp\/v2\/posts\/3350\/revisions"}],"wp:featuredmedia":[{"embeddable":true,"href":"https:\/\/radiopoloniawinnipeg.com\/index.php\/wp-json\/wp\/v2\/media\/3351"}],"wp:attachment":[{"href":"https:\/\/radiopoloniawinnipeg.com\/index.php\/wp-json\/wp\/v2\/media?parent=3350"}],"wp:term":[{"taxonomy":"category","embeddable":true,"href":"https:\/\/radiopoloniawinnipeg.com\/index.php\/wp-json\/wp\/v2\/categories?post=3350"},{"taxonomy":"post_tag","embeddable":true,"href":"https:\/\/radiopoloniawinnipeg.com\/index.php\/wp-json\/wp\/v2\/tags?post=3350"}],"curies":[{"name":"wp","href":"https:\/\/api.w.org\/{rel}","templated":true}]}}