{"id":3352,"date":"2025-08-19T09:15:08","date_gmt":"2025-08-19T13:15:08","guid":{"rendered":"https:\/\/radiopoloniawinnipeg.com\/index.php\/2025\/08\/19\/trump-o-putinie-przy-wlaczonym-mikrofonie-robi-to-dla-mnie\/"},"modified":"2025-08-19T09:15:08","modified_gmt":"2025-08-19T13:15:08","slug":"trump-o-putinie-przy-wlaczonym-mikrofonie-robi-to-dla-mnie","status":"publish","type":"post","link":"https:\/\/radiopoloniawinnipeg.com\/index.php\/2025\/08\/19\/trump-o-putinie-przy-wlaczonym-mikrofonie-robi-to-dla-mnie\/","title":{"rendered":"Trump o Putinie przy w\u0142\u0105czonym mikrofonie: \u201eRobi to dla mnie\u201d"},"content":{"rendered":"<p><img decoding=\"async\" loading=\"lazy\" class=\"aligncenter size-custom-full-size wp-image-220972\" src=\"https:\/\/bejsment.com\/wp-content\/uploads\/2025\/08\/aaspotkanie4-636x318.jpg\" alt=\"\" width=\"636\" height=\"318\" \/><\/p>\n<p><strong>Podczas spotkania w Bia\u0142ym Domu Donald Trump nie zauwa\u017cy\u0142, \u017ce jeden z mikrofon\u00f3w wci\u0105\u017c jest w\u0142\u0105czony. W efekcie do medi\u00f3w przedosta\u0142y si\u0119 jego nieformalne s\u0142owa skierowane do prezydenta Francji Emmanuela Macrona. \u2013 My\u015bl\u0119, \u017ce chce si\u0119 dogada\u0107. Robi to dla mnie. Rozumiesz? \u2013 m\u00f3wi\u0142 o W\u0142adimirze Putinie.<\/strong><\/p>\n<p>Do Bia\u0142ego Domu przyjechali przyw\u00f3dcy tzw. \u201ekoalicji ch\u0119tnych\u201d: premier Wielkiej Brytanii, prezydent Francji i szefowa Komisji Europejskiej. Spotkanie po\u015bwi\u0119cono gwarancjom bezpiecze\u0144stwa dla Ukrainy oraz przygotowaniom do ewentualnego spotkania Wo\u0142odymyra Ze\u0142enskiego z Putinem. Trump og\u0142osi\u0142, \u017ce Moskwa wst\u0119pnie zgadza si\u0119 na takie gwarancje, a Kij\u00f3w zapowiedzia\u0142 zakup ameryka\u0144skiej broni \u2013 w tym system\u00f3w Patriot \u2013 za oko\u0142o 100 mld dolar\u00f3w.<\/p>\n<p>Wcze\u015bniej Trump rozmawia\u0142 z prezydentem Ukrainy. Tym razem atmosfera by\u0142a znacznie spokojniejsza ni\u017c podczas poprzedniego, burzliwego spotkania w Bia\u0142ym Domu. Ze\u0142enski podzi\u0119kowa\u0142 za wsparcie militarne i dyplomatyczne oraz wr\u0119czy\u0142 Trumpowi list od swojej \u017cony O\u0142eny Ze\u0142enskiej adresowany do Melanii Trump. Uwag\u0119 komentator\u00f3w zwr\u00f3ci\u0142 te\u017c fakt, \u017ce ukrai\u0144ski przyw\u00f3dca za\u0142o\u017cy\u0142 marynark\u0119 \u2013 prawdopodobnie po to, by unikn\u0105\u0107 krytyki za zbyt swobodny str\u00f3j z poprzedniej wizyty.<\/p>\n<p>Trump podkre\u015bli\u0142, \u017ce rozmowy z europejskimi liderami by\u0142y \u201ewielkim sukcesem\u201d i zapowiedzia\u0142 ch\u0119\u0107 zorganizowania tr\u00f3jstronnego spotkania z udzia\u0142em Putina i Ze\u0142enskiego.<\/p>\n<p style=\"text-align: right\"><em>Na podst. AP<\/em><\/p>\n","protected":false},"excerpt":{"rendered":"<p>Podczas spotkania w Bia\u0142ym Domu Donald Trump nie zauwa\u017cy\u0142, \u017ce jeden z mikrofon\u00f3w wci\u0105\u017c jest w\u0142\u0105czony. W efekcie do medi\u00f3w przedosta\u0142y si\u0119 jego nieformalne s\u0142owa&hellip;<\/p>\n","protected":false},"author":3,"featured_media":3353,"comment_status":"open","ping_status":"open","sticky":false,"template":"","format":"standard","meta":{"footnotes":""},"categories":[15,18],"tags":[],"class_list":["post-3352","post","type-post","status-publish","format-standard","has-post-thumbnail","hentry","category-swiat","category-top-news"],"_links":{"self":[{"href":"https:\/\/radiopoloniawinnipeg.com\/index.php\/wp-json\/wp\/v2\/posts\/3352","targetHints":{"allow":["GET"]}}],"collection":[{"href":"https:\/\/radiopoloniawinnipeg.com\/index.php\/wp-json\/wp\/v2\/posts"}],"about":[{"href":"https:\/\/radiopoloniawinnipeg.com\/index.php\/wp-json\/wp\/v2\/types\/post"}],"author":[{"embeddable":true,"href":"https:\/\/radiopoloniawinnipeg.com\/index.php\/wp-json\/wp\/v2\/users\/3"}],"replies":[{"embeddable":true,"href":"https:\/\/radiopoloniawinnipeg.com\/index.php\/wp-json\/wp\/v2\/comments?post=3352"}],"version-history":[{"count":0,"href":"https:\/\/radiopoloniawinnipeg.com\/index.php\/wp-json\/wp\/v2\/posts\/3352\/revisions"}],"wp:featuredmedia":[{"embeddable":true,"href":"https:\/\/radiopoloniawinnipeg.com\/index.php\/wp-json\/wp\/v2\/media\/3353"}],"wp:attachment":[{"href":"https:\/\/radiopoloniawinnipeg.com\/index.php\/wp-json\/wp\/v2\/media?parent=3352"}],"wp:term":[{"taxonomy":"category","embeddable":true,"href":"https:\/\/radiopoloniawinnipeg.com\/index.php\/wp-json\/wp\/v2\/categories?post=3352"},{"taxonomy":"post_tag","embeddable":true,"href":"https:\/\/radiopoloniawinnipeg.com\/index.php\/wp-json\/wp\/v2\/tags?post=3352"}],"curies":[{"name":"wp","href":"https:\/\/api.w.org\/{rel}","templated":true}]}}