{"id":3396,"date":"2025-08-21T14:30:08","date_gmt":"2025-08-21T18:30:08","guid":{"rendered":"https:\/\/radiopoloniawinnipeg.com\/index.php\/2025\/08\/21\/posel-ko-rosyjski-dron-w-osinach-to-dopiero-poczatek\/"},"modified":"2025-08-21T14:30:08","modified_gmt":"2025-08-21T18:30:08","slug":"posel-ko-rosyjski-dron-w-osinach-to-dopiero-poczatek","status":"publish","type":"post","link":"https:\/\/radiopoloniawinnipeg.com\/index.php\/2025\/08\/21\/posel-ko-rosyjski-dron-w-osinach-to-dopiero-poczatek\/","title":{"rendered":"Pose\u0142 KO: Rosyjski dron w Osinach to dopiero pocz\u0105tek"},"content":{"rendered":"<div id=\"attachment_221188\" style=\"width: 646px\" class=\"wp-caption aligncenter\"><img decoding=\"async\" loading=\"lazy\" aria-describedby=\"caption-attachment-221188\" class=\"size-custom-full-size wp-image-221188\" src=\"https:\/\/bejsment.com\/wp-content\/uploads\/2025\/08\/aakowal-636x478.jpg\" alt=\"\" width=\"636\" height=\"478\" \/><\/p>\n<p id=\"caption-attachment-221188\" class=\"wp-caption-text\">Pawe\u0142 Kowal<\/p>\n<\/div>\n<p><strong>Pose\u0142 Koalicji Obywatelskiej Pawe\u0142 Kowal ostrzega, \u017ce incydent z dronem, kt\u00f3ry spad\u0142 w Osinach na Lubelszczy\u017anie, mo\u017ce by\u0107 dopiero pocz\u0105tkiem serii dzia\u0142a\u0144 Rosji wymierzonych w Polsk\u0119.<\/strong><\/p>\n<p>\u2013 Polska b\u0119dzie w coraz trudniejszej sytuacji bezpiecze\u0144stwa. To nie jest jednorazowy przypadek \u2013 m\u00f3wi\u0142 w Polsat News. Kowal wyja\u015bnia\u0142, \u017ce wraz z post\u0119pem rozm\u00f3w o zawieszeniu broni na Ukrainie, Moskwa mo\u017ce przenosi\u0107 swoj\u0105 uwag\u0119 na nasz kraj. \u2013 Im bli\u017cej potencjalnego porozumienia, tym wi\u0119ksze prawdopodobie\u0144stwo, \u017ce Polska stanie si\u0119 celem rosyjskich prowokacji \u2013 stwierdzi\u0142.<\/p>\n<h3><strong>Od prowokacji po sabota\u017ce<\/strong><\/h3>\n<p>Polityk przypomnia\u0142, \u017ce Polska od pocz\u0105tku wojny by\u0142a jednym z najwa\u017cniejszych sojusznik\u00f3w Ukrainy, wspieraj\u0105c j\u0105 finansowo i logistycznie. \u2013 To naturalne, \u017ce Rosja b\u0119dzie reagowa\u0107 w\u0142a\u015bnie na nasz\u0105 aktywno\u015b\u0107. Powinni\u015bmy codziennie s\u0142ysze\u0107 takie ostrze\u017cenia od polityk\u00f3w \u2013 doda\u0142.<\/p>\n<p>Wed\u0142ug Kowala mo\u017cliwe s\u0105 r\u00f3\u017cne formy dzia\u0142a\u0144 ze strony Kremla \u2013 od prowokacji po akty sabota\u017cu. \u2013 To b\u0119dzie orkiestra, a nie pojedynczy przypadek \u2013 zaznaczy\u0142. Oceni\u0142 te\u017c, \u017ce Si\u0142y Zbrojne RP stan\u0105 przed wyzwaniami, z jakimi nie mierzy\u0142y si\u0119 od dawna, zw\u0142aszcza w zakresie wzmocnienia ochrony granic.<\/p>\n<h3><strong>MON potwierdza: to rosyjski dron<\/strong><\/h3>\n<p>W \u015brod\u0119 minister obrony narodowej W\u0142adys\u0142aw Kosiniak-Kamysz potwierdzi\u0142, \u017ce obiekt, kt\u00f3ry eksplodowa\u0142 w Osinach, by\u0142 rosyjskim dronem. \u2013 Rosja po raz kolejny prowokuje pa\u0144stwa NATO. Po incydentach w Rumunii, na Litwie i \u0141otwie mamy kolejny przypadek u\u017cycia rosyjskiego drona. To szczeg\u00f3lny moment, gdy tocz\u0105 si\u0119 dyskusje o pokoju \u2013 podkre\u015bli\u0142.<\/p>\n<p>Szef MON zaznaczy\u0142, \u017ce Moskwa, zamiast szuka\u0107 zako\u0144czenia wojny, podejmuje dzia\u0142ania zagra\u017caj\u0105ce r\u00f3wnie\u017c bezpiecze\u0144stwu NATO. Jak doda\u0142, w MSWiA i MON odbywaj\u0105 si\u0119 odprawy, a o sprawie s\u0105 na bie\u017c\u0105co informowani sojusznicy.<\/p>\n<p style=\"text-align: right\"><em>Na podst. i.Pl<\/em><\/p>\n","protected":false},"excerpt":{"rendered":"<p>Pawe\u0142 Kowal Pose\u0142 Koalicji Obywatelskiej Pawe\u0142 Kowal ostrzega, \u017ce incydent z dronem, kt\u00f3ry spad\u0142 w Osinach na Lubelszczy\u017anie, mo\u017ce by\u0107 dopiero pocz\u0105tkiem serii dzia\u0142a\u0144 Rosji&hellip;<\/p>\n","protected":false},"author":3,"featured_media":3397,"comment_status":"open","ping_status":"open","sticky":false,"template":"","format":"standard","meta":{"footnotes":""},"categories":[14,18],"tags":[],"class_list":["post-3396","post","type-post","status-publish","format-standard","has-post-thumbnail","hentry","category-polska","category-top-news"],"_links":{"self":[{"href":"https:\/\/radiopoloniawinnipeg.com\/index.php\/wp-json\/wp\/v2\/posts\/3396","targetHints":{"allow":["GET"]}}],"collection":[{"href":"https:\/\/radiopoloniawinnipeg.com\/index.php\/wp-json\/wp\/v2\/posts"}],"about":[{"href":"https:\/\/radiopoloniawinnipeg.com\/index.php\/wp-json\/wp\/v2\/types\/post"}],"author":[{"embeddable":true,"href":"https:\/\/radiopoloniawinnipeg.com\/index.php\/wp-json\/wp\/v2\/users\/3"}],"replies":[{"embeddable":true,"href":"https:\/\/radiopoloniawinnipeg.com\/index.php\/wp-json\/wp\/v2\/comments?post=3396"}],"version-history":[{"count":0,"href":"https:\/\/radiopoloniawinnipeg.com\/index.php\/wp-json\/wp\/v2\/posts\/3396\/revisions"}],"wp:featuredmedia":[{"embeddable":true,"href":"https:\/\/radiopoloniawinnipeg.com\/index.php\/wp-json\/wp\/v2\/media\/3397"}],"wp:attachment":[{"href":"https:\/\/radiopoloniawinnipeg.com\/index.php\/wp-json\/wp\/v2\/media?parent=3396"}],"wp:term":[{"taxonomy":"category","embeddable":true,"href":"https:\/\/radiopoloniawinnipeg.com\/index.php\/wp-json\/wp\/v2\/categories?post=3396"},{"taxonomy":"post_tag","embeddable":true,"href":"https:\/\/radiopoloniawinnipeg.com\/index.php\/wp-json\/wp\/v2\/tags?post=3396"}],"curies":[{"name":"wp","href":"https:\/\/api.w.org\/{rel}","templated":true}]}}