{"id":3406,"date":"2025-08-22T07:30:11","date_gmt":"2025-08-22T11:30:11","guid":{"rendered":"https:\/\/radiopoloniawinnipeg.com\/index.php\/2025\/08\/22\/nie-zyje-stanislaw-soyka-festiwal-w-sopocie-przerwany\/"},"modified":"2025-08-22T07:30:11","modified_gmt":"2025-08-22T11:30:11","slug":"nie-zyje-stanislaw-soyka-festiwal-w-sopocie-przerwany","status":"publish","type":"post","link":"https:\/\/radiopoloniawinnipeg.com\/index.php\/2025\/08\/22\/nie-zyje-stanislaw-soyka-festiwal-w-sopocie-przerwany\/","title":{"rendered":"Nie \u017cyje Stanis\u0142aw Soyka. Festiwal w Sopocie przerwany"},"content":{"rendered":"<p><img decoding=\"async\" loading=\"lazy\" class=\"aligncenter size-custom-full-size wp-image-221278\" src=\"https:\/\/bejsment.com\/wp-content\/uploads\/2025\/08\/aastanislawsojka-636x358.jpg\" alt=\"\" width=\"636\" height=\"358\" \/><\/p>\n<p><strong>Polska muzyka straci\u0142a jednego z najwybitniejszych artyst\u00f3w. Stanis\u0142aw Soyka \u2013 kompozytor, pianista, wokalista i cz\u0142owiek, kt\u00f3rego g\u0142os i wra\u017cliwo\u015b\u0107 porusza\u0142y kolejne pokolenia \u2013 zmar\u0142 w wieku 66 lat. Odszed\u0142 nagle, w dniu, w kt\u00f3rym mia\u0142 wyst\u0105pi\u0107 na scenie Top of the Top Sopot Festival.<\/strong><\/p>\n<p>Soyka mia\u0142 pojawi\u0107 si\u0119 podczas czwartego, fina\u0142owego dnia festiwalu w koncercie \u201eOrkiestra mistrzom\u201d. Publiczno\u015b\u0107 czeka\u0142a na jego wyst\u0119p, lecz zamiast muzyki nadesz\u0142a wiadomo\u015b\u0107, kt\u00f3ra wstrz\u0105sn\u0119\u0142a widzami i artystycznym \u015bwiatem.<\/p>\n<p>Telewizja TVN, kt\u00f3ra transmitowa\u0142a wydarzenie, przerwa\u0142a koncert. W specjalnym komunikacie przekazano:<\/p>\n<p>\u2013 Dzi\u015b podczas koncertu \u201eOrkiestra mistrzom\u201d dotar\u0142a do nas smutna wiadomo\u015b\u0107 o \u015bmierci Stanis\u0142awa Soyki, kt\u00f3ry mia\u0142 tak\u017ce wyst\u0105pi\u0107 podczas dzisiejszego wieczoru. Poruszeni tragedi\u0105 i ze wzgl\u0119du na ogromny szacunek dla Artysty i rodziny przerwali\u015bmy transmisj\u0119 telewizyjn\u0105 z festiwalu. W imieniu wszystkich artyst\u00f3w i tw\u00f3rc\u00f3w festiwalu sk\u0142adamy najbli\u017cszym najszczersze wyrazy wsp\u00f3\u0142czucia.<\/p>\n<p>Wed\u0142ug doniesie\u0144 medialnych Soyka nagle zas\u0142ab\u0142 tu\u017c przed koncertem. Na miejsce wezwano pogotowie, a muzyk zosta\u0142 przewieziony do szpitala. Lekarze walczyli o jego \u017cycie, jednak bezskutecznie \u2013 o czym poinformowa\u0142 Jacek Cygan, wieloletni przyjaciel artysty i autor wielu jego tekst\u00f3w.<\/p>\n<h3><strong>Cz\u0142owiek muzyki<\/strong><\/h3>\n<p>Stanis\u0142aw Joachim Sojka, znany szerzej jako Soyka, urodzi\u0142 si\u0119 26 kwietnia 1959 roku w \u017borach. Od najm\u0142odszych lat by\u0142 zwi\u0105zany z muzyk\u0105 \u2013 gra\u0142 na skrzypcach, gitarze, fortepianie. Z biegiem lat wykszta\u0142ci\u0142 w\u0142asny, niezwykle rozpoznawalny styl, w kt\u00f3rym \u0142\u0105czy\u0142 jazzow\u0105 improwizacj\u0119 z wra\u017cliwo\u015bci\u0105 popu i soulu.<\/p>\n<p>Jego kariera rozpocz\u0119\u0142a si\u0119 w latach 70., a debiut fonograficzny mia\u0142 miejsce w 1979 roku. Z czasem sta\u0142 si\u0119 jednym z najbardziej cenionych i charyzmatycznych artyst\u00f3w polskiej sceny.<\/p>\n<p>Soyka nie zamyka\u0142 si\u0119 w jednym gatunku \u2013 p\u0142ynnie przechodzi\u0142 od jazzu, przez bluesa i soul, a\u017c po piosenk\u0119 poetyck\u0105 i pop. Publiczno\u015b\u0107 pokocha\u0142a go za niezwyk\u0142\u0105 ekspresj\u0119 i emocjonalny przekaz.<\/p>\n<h3><strong>Utwory, kt\u00f3re zostan\u0105 na zawsze<\/strong><\/h3>\n<p>Wielk\u0105 popularno\u015b\u0107 przynios\u0142y mu utwory, kt\u00f3re do dzi\u015b s\u0105 \u015bpiewane i cytowane: <em>\u201eTolerancja (Na mi\u0142y B\u00f3g)\u201d<\/em>, <em>\u201eCud niepami\u0119ci\u201d<\/em>, <em>\u201eAbsolutnie nic\u201d<\/em>. Jego muzyka towarzyszy\u0142a ludziom w chwilach rado\u015bci i zadumy, stawa\u0142a si\u0119 hymnem pokolenia i lustrem ludzkiej wra\u017cliwo\u015bci.<\/p>\n<p>Artysta ch\u0119tnie wsp\u00f3\u0142pracowa\u0142 z innymi. Tworzy\u0142 duety m.in. z Gra\u017cyn\u0105 Augu\u015bcik, Gra\u017cyn\u0105 \u0141obaszewsk\u0105, Adamem Nowakiem. Ka\u017cdy z tych wyst\u0119p\u00f3w ni\u00f3s\u0142 w sobie niezwyk\u0142\u0105 aur\u0119 autentyczno\u015bci i szczero\u015bci, kt\u00f3ra by\u0142a jego znakiem rozpoznawczym.<\/p>\n<h3><strong>Na scenie do ko\u0144ca<\/strong><\/h3>\n<p>Cho\u0107 w ostatnich latach zmaga\u0142 si\u0119 z problemami zdrowotnymi \u2013 w 2022 roku musia\u0142 na pewien czas przerwa\u0107 koncertowanie \u2013 zawsze wraca\u0142 do publiczno\u015bci, kt\u00f3ra dawa\u0142a mu si\u0142\u0119.<\/p>\n<p>Jeszcze w czerwcu tego roku wyst\u0105pi\u0142 w Opolu podczas koncertu <em>\u201eTrzy \u0107wiartki Jacka Cygana\u201d<\/em>. W duecie z Gra\u017cyn\u0105 \u0141obaszewsk\u0105 za\u015bpiewa\u0142 ponadczasowy przeb\u00f3j <em>\u201eCzas nas uczy pogody\u201d<\/em>. Publiczno\u015b\u0107 nagrodzi\u0142a go owacj\u0105, nie przypuszczaj\u0105c, \u017ce to jeden z jego ostatnich wyst\u0119p\u00f3w.<\/p>\n<h3><strong>Artysta, kt\u00f3ry zostawi\u0142 \u015bwiat\u0142o<\/strong><\/h3>\n<p>\u015amier\u0107 Stanis\u0142awa Soyki to wielka strata dla polskiej kultury. By\u0142 artyst\u0105, kt\u00f3ry nie tylko \u015bpiewa\u0142 i komponowa\u0142, ale te\u017c przypomina\u0142, \u017ce muzyka jest przestrzeni\u0105 spotkania, dialogu i budowania wsp\u00f3lnoty.<\/p>\n<p style=\"text-align: left\">Jego g\u0142os, pe\u0142en ciep\u0142a i melancholii, pozostanie w pami\u0119ci s\u0142uchaczy. Zostawi\u0142 po sobie ogromny dorobek \u2013 piosenki, kt\u00f3re ju\u017c na zawsze b\u0119d\u0105 cz\u0119\u015bci\u0105 historii polskiej muzyki i intymnych historii jego fan\u00f3w.<\/p>\n<\/p>\n<p style=\"text-align: right\"><em>Na podst. i.Pl<\/em><\/p>\n","protected":false},"excerpt":{"rendered":"<p>Polska muzyka straci\u0142a jednego z najwybitniejszych artyst\u00f3w. Stanis\u0142aw Soyka \u2013 kompozytor, pianista, wokalista i cz\u0142owiek, kt\u00f3rego g\u0142os i wra\u017cliwo\u015b\u0107 porusza\u0142y kolejne pokolenia \u2013 zmar\u0142 w&hellip;<\/p>\n","protected":false},"author":3,"featured_media":3407,"comment_status":"open","ping_status":"open","sticky":false,"template":"","format":"standard","meta":{"footnotes":""},"categories":[14,18],"tags":[],"class_list":["post-3406","post","type-post","status-publish","format-standard","has-post-thumbnail","hentry","category-polska","category-top-news"],"_links":{"self":[{"href":"https:\/\/radiopoloniawinnipeg.com\/index.php\/wp-json\/wp\/v2\/posts\/3406","targetHints":{"allow":["GET"]}}],"collection":[{"href":"https:\/\/radiopoloniawinnipeg.com\/index.php\/wp-json\/wp\/v2\/posts"}],"about":[{"href":"https:\/\/radiopoloniawinnipeg.com\/index.php\/wp-json\/wp\/v2\/types\/post"}],"author":[{"embeddable":true,"href":"https:\/\/radiopoloniawinnipeg.com\/index.php\/wp-json\/wp\/v2\/users\/3"}],"replies":[{"embeddable":true,"href":"https:\/\/radiopoloniawinnipeg.com\/index.php\/wp-json\/wp\/v2\/comments?post=3406"}],"version-history":[{"count":0,"href":"https:\/\/radiopoloniawinnipeg.com\/index.php\/wp-json\/wp\/v2\/posts\/3406\/revisions"}],"wp:featuredmedia":[{"embeddable":true,"href":"https:\/\/radiopoloniawinnipeg.com\/index.php\/wp-json\/wp\/v2\/media\/3407"}],"wp:attachment":[{"href":"https:\/\/radiopoloniawinnipeg.com\/index.php\/wp-json\/wp\/v2\/media?parent=3406"}],"wp:term":[{"taxonomy":"category","embeddable":true,"href":"https:\/\/radiopoloniawinnipeg.com\/index.php\/wp-json\/wp\/v2\/categories?post=3406"},{"taxonomy":"post_tag","embeddable":true,"href":"https:\/\/radiopoloniawinnipeg.com\/index.php\/wp-json\/wp\/v2\/tags?post=3406"}],"curies":[{"name":"wp","href":"https:\/\/api.w.org\/{rel}","templated":true}]}}