{"id":3408,"date":"2025-08-22T08:30:06","date_gmt":"2025-08-22T12:30:06","guid":{"rendered":"https:\/\/radiopoloniawinnipeg.com\/index.php\/2025\/08\/22\/rozmowa-carney-trump-i-spotkanie-anand-rubio-w-waszyngtonie\/"},"modified":"2025-08-22T08:30:06","modified_gmt":"2025-08-22T12:30:06","slug":"rozmowa-carney-trump-i-spotkanie-anand-rubio-w-waszyngtonie","status":"publish","type":"post","link":"https:\/\/radiopoloniawinnipeg.com\/index.php\/2025\/08\/22\/rozmowa-carney-trump-i-spotkanie-anand-rubio-w-waszyngtonie\/","title":{"rendered":"Rozmowa Carney\u2013Trump i spotkanie Anand\u2013Rubio w Waszyngtonie"},"content":{"rendered":"<p><img decoding=\"async\" loading=\"lazy\" class=\"aligncenter size-custom-full-size wp-image-221244\" src=\"https:\/\/bejsment.com\/wp-content\/uploads\/2025\/08\/ssvstnrytrump-636x359.jpg\" alt=\"\" width=\"636\" height=\"359\" \/><\/p>\n<p><strong>Premier Mark Carney poinformowa\u0142, \u017ce w czwartek rano odby\u0142 \u201eproduktywn\u0105 i szeroko zakrojon\u0105\u201d rozmow\u0119 telefoniczn\u0105 z prezydentem USA Donaldem Trumpem.<\/strong><\/p>\n<p>\u2013 Skupili\u015bmy si\u0119 na wyzwaniach i szansach handlowych, budowaniu nowych relacji gospodarczych i bezpiecze\u0144stwa mi\u0119dzy Kanad\u0105 a Stanami Zjednoczonymi oraz wspieraniu d\u0142ugoterminowego pokoju i stabilno\u015bci w Ukrainie i Europie \u2013 napisa\u0142 Carney w mediach spo\u0142eczno\u015bciowych.<\/p>\n<p>Biuro Premiera doda\u0142o, \u017ce obaj przyw\u00f3dcy uzgodnili ponowne spotkanie w najbli\u017cszym czasie. Administracja Trumpa potwierdzi\u0142a rozmow\u0119, wskazuj\u0105c, \u017ce dotyczy\u0142a ona g\u0142\u00f3wnie kwestii handlu. Sam prezydent nie skomentowa\u0142 jej tre\u015bci.<\/p>\n<p>By\u0142o to pierwsze bezpo\u015brednie kontakty telefoniczne od momentu, gdy up\u0142yn\u0105\u0142 termin podpisania nowej umowy handlowej i Trump na\u0142o\u017cy\u0142 na Kanad\u0119 35-procentowe c\u0142a (nieobejmuj\u0105ce towar\u00f3w obj\u0119tych umow\u0105 CUSMA). Bia\u0142y Dom uzasadnia\u0142 t\u0119 decyzj\u0119 brakiem dzia\u0142a\u0144 Ottawy w walce z przemytem fentanylu i wprowadzeniem ce\u0142 odwetowych. Dane rz\u0105du USA wskazuj\u0105 jednak, \u017ce na p\u00f3\u0142nocnej granicy konfiskowane s\u0105 niewielkie ilo\u015bci tego narkotyku.<\/p>\n<p>Carney i Trump ju\u017c wiosn\u0105 2024 r. zapowiedzieli negocjacje nad nowym partnerstwem gospodarczym i bezpiecze\u0144stwa po wyborach federalnych. Planowane na koniec lipca rozmowy zosta\u0142y jednak jednostronnie przesuni\u0119te przez Trumpa na 1 sierpnia. Ottawa tonowa\u0142a oczekiwania, a Carney podkre\u015bla\u0142, \u017ce podpisze wy\u0142\u0105cznie porozumienie korzystne dla Kanady.<\/p>\n<p>Kanada wci\u0105\u017c boryka si\u0119 z ameryka\u0144skimi c\u0142ami m.in. na stal, aluminium, mied\u017a i samochody.<\/p>\n<h3><strong>Spotkanie Anand \u2013 Rubio w Waszyngtonie<\/strong><\/h3>\n<p>W czwartek minister spraw zagranicznych Anita Anand odby\u0142a swoje pierwsze oficjalne spotkanie z sekretarzem stanu USA Marco Rubio. Rozmowa odby\u0142a si\u0119 w Departamencie Stanu. Obie strony nie odpowiada\u0142y na pytania dziennikarzy, ale w komunikatach podkre\u015blono, \u017ce poruszono kluczowe kwestie w relacjach kanadyjsko-ameryka\u0144skich.<\/p>\n<p>Wed\u0142ug Global Affairs Canada dyskusja dotyczy\u0142a m.in. rosyjskiej agresji na Ukrain\u0119, bezpiecze\u0144stwa w Arktyce, kryzysu w Haiti oraz sytuacji humanitarnej w Strefie Gazy. Ottawa wezwa\u0142a do zapewnienia niezak\u0142\u00f3conej pomocy humanitarnej, z\u0142o\u017cenia broni przez Hamas i uwolnienia zak\u0142adnik\u00f3w.<\/p>\n<p>Departament Stanu USA natomiast wskaza\u0142, \u017ce rozmowy dotyczy\u0142y \u201eblokowania pokoju w Strefie Gazy przez Hamas\u201d. Trump w ubieg\u0142ym miesi\u0105cu skrytykowa\u0142 decyzj\u0119 Carneya o uznaniu pa\u0144stwa palesty\u0144skiego, a administracja Rubia zaostrzy\u0142a stanowisko wobec krytyk\u00f3w dzia\u0142a\u0144 Izraela, m.in. cofaj\u0105c wizy zagranicznym studentom popieraj\u0105cym Palestyn\u0119 i nak\u0142adaj\u0105c sankcje na urz\u0119dnik\u00f3w.<\/p>\n<h3><strong>Reakcje na polityk\u0119 Izraela<\/strong><\/h3>\n<p>Tego samego dnia Anand do\u0142\u0105czy\u0142a do 20 ministr\u00f3w spraw zagranicznych z Europy, Australii, Japonii i Wielkiej Brytanii, pot\u0119piaj\u0105c decyzj\u0119 Izraela o zatwierdzeniu kontrowersyjnego projektu osadniczego na Zachodnim Brzegu.<\/p>\n<p>Wsp\u00f3lny list ostrzeg\u0142, \u017ce decyzja ta \u201euczyni rozwi\u0105zanie dwupa\u0144stwowe niemo\u017cliwym\u201d. Sygnatariusze wezwali Izrael do \u201enatychmiastowego cofni\u0119cia\u201d tej decyzji.<\/p>\n<p style=\"text-align: right\"><em>Na podst. Canadian Press<\/em><\/p>\n","protected":false},"excerpt":{"rendered":"<p>Premier Mark Carney poinformowa\u0142, \u017ce w czwartek rano odby\u0142 \u201eproduktywn\u0105 i szeroko zakrojon\u0105\u201d rozmow\u0119 telefoniczn\u0105 z prezydentem USA Donaldem Trumpem. \u2013 Skupili\u015bmy si\u0119 na wyzwaniach&hellip;<\/p>\n","protected":false},"author":3,"featured_media":3409,"comment_status":"open","ping_status":"open","sticky":false,"template":"","format":"standard","meta":{"footnotes":""},"categories":[15,18],"tags":[],"class_list":["post-3408","post","type-post","status-publish","format-standard","has-post-thumbnail","hentry","category-swiat","category-top-news"],"_links":{"self":[{"href":"https:\/\/radiopoloniawinnipeg.com\/index.php\/wp-json\/wp\/v2\/posts\/3408","targetHints":{"allow":["GET"]}}],"collection":[{"href":"https:\/\/radiopoloniawinnipeg.com\/index.php\/wp-json\/wp\/v2\/posts"}],"about":[{"href":"https:\/\/radiopoloniawinnipeg.com\/index.php\/wp-json\/wp\/v2\/types\/post"}],"author":[{"embeddable":true,"href":"https:\/\/radiopoloniawinnipeg.com\/index.php\/wp-json\/wp\/v2\/users\/3"}],"replies":[{"embeddable":true,"href":"https:\/\/radiopoloniawinnipeg.com\/index.php\/wp-json\/wp\/v2\/comments?post=3408"}],"version-history":[{"count":0,"href":"https:\/\/radiopoloniawinnipeg.com\/index.php\/wp-json\/wp\/v2\/posts\/3408\/revisions"}],"wp:featuredmedia":[{"embeddable":true,"href":"https:\/\/radiopoloniawinnipeg.com\/index.php\/wp-json\/wp\/v2\/media\/3409"}],"wp:attachment":[{"href":"https:\/\/radiopoloniawinnipeg.com\/index.php\/wp-json\/wp\/v2\/media?parent=3408"}],"wp:term":[{"taxonomy":"category","embeddable":true,"href":"https:\/\/radiopoloniawinnipeg.com\/index.php\/wp-json\/wp\/v2\/categories?post=3408"},{"taxonomy":"post_tag","embeddable":true,"href":"https:\/\/radiopoloniawinnipeg.com\/index.php\/wp-json\/wp\/v2\/tags?post=3408"}],"curies":[{"name":"wp","href":"https:\/\/api.w.org\/{rel}","templated":true}]}}