{"id":3446,"date":"2025-08-24T10:30:07","date_gmt":"2025-08-24T14:30:07","guid":{"rendered":"https:\/\/radiopoloniawinnipeg.com\/index.php\/2025\/08\/24\/szczecin-pozar-zakladu-opon-jest-jedna-osoba-ranna\/"},"modified":"2025-08-24T10:30:07","modified_gmt":"2025-08-24T14:30:07","slug":"szczecin-pozar-zakladu-opon-jest-jedna-osoba-ranna","status":"publish","type":"post","link":"https:\/\/radiopoloniawinnipeg.com\/index.php\/2025\/08\/24\/szczecin-pozar-zakladu-opon-jest-jedna-osoba-ranna\/","title":{"rendered":"Szczecin: po\u017car zak\u0142adu opon. Jest jedna osoba ranna"},"content":{"rendered":"<p><img decoding=\"async\" loading=\"lazy\" class=\"aligncenter size-custom-full-size wp-image-221385\" src=\"https:\/\/bejsment.com\/wp-content\/uploads\/2025\/08\/aapozar-636x358.jpg\" alt=\"\" width=\"636\" height=\"358\" \/><\/p>\n<p><strong>Nocny po\u017car zak\u0142adu obr\u00f3bki opon w Szczecinie postawi\u0142 na nogi s\u0142u\u017cby i mieszka\u0144c\u00f3w miasta. Wydano alert Rz\u0105dowego Centrum Bezpiecze\u0144stwa, wzywaj\u0105cy do pozostania w domach i zamkni\u0119cia okien. Rano sytuacj\u0119 uda\u0142o si\u0119 opanowa\u0107 \u2013 trwa dogaszanie pogorzeliska.<\/strong><\/p>\n<p>\u2013 Sytuacja jest ju\u017c bezpieczna, alarm mo\u017cemy uzna\u0107 za zako\u0144czony \u2013 poinformowa\u0142 wojewoda zachodniopomorski Adam Rudawski na porannej konferencji prasowej.<\/p>\n<p>Wed\u0142ug stra\u017cy po\u017carnej ogie\u0144 obj\u0105\u0142 oko\u0142o 1500 m\u00b2 zak\u0142adu. W kulminacyjnym momencie na miejscu dzia\u0142a\u0142o 48 stra\u017cak\u00f3w. Ze wzgl\u0119du na naruszon\u0105 wysok\u0105 temperatur\u0105 stalow\u0105 konstrukcj\u0119 budynku akcja ga\u015bnicza prowadzona by\u0142a wy\u0142\u0105cznie z zewn\u0105trz. \u2013 Nie mogli\u015bmy wprowadzi\u0107 ratownik\u00f3w do \u015brodka \u2013 wyja\u015bni\u0142 brygadier Marek Michalak, zast\u0119pca komendanta wojew\u00f3dzkiego PSP.<\/p>\n<p>Na miejscu pracowa\u0142a tak\u017ce jednostka ratownictwa chemicznego, kt\u00f3ra monitorowa\u0142a sk\u0142ad powietrza. Nie stwierdzono przekrocze\u0144 niebezpiecznych substancji.<\/p>\n<p>Jedna osoba zosta\u0142a poszkodowana w wyniku zatrucia dymem i trafi\u0142a do szpitala. \u2013 Odnalaz\u0142a si\u0119 i opu\u015bci\u0142a zak\u0142ad o w\u0142asnych si\u0142ach \u2013 poinformowa\u0142 m\u0142. bryg. Andrzej Gawlik z PSP w Szczecinie.<\/p>\n<p style=\"text-align: right\"><em>Na podst. TVN24<\/em><\/p>\n","protected":false},"excerpt":{"rendered":"<p>Nocny po\u017car zak\u0142adu obr\u00f3bki opon w Szczecinie postawi\u0142 na nogi s\u0142u\u017cby i mieszka\u0144c\u00f3w miasta. Wydano alert Rz\u0105dowego Centrum Bezpiecze\u0144stwa, wzywaj\u0105cy do pozostania w domach i&hellip;<\/p>\n","protected":false},"author":3,"featured_media":3447,"comment_status":"open","ping_status":"open","sticky":false,"template":"","format":"standard","meta":{"footnotes":""},"categories":[14,18],"tags":[],"class_list":["post-3446","post","type-post","status-publish","format-standard","has-post-thumbnail","hentry","category-polska","category-top-news"],"_links":{"self":[{"href":"https:\/\/radiopoloniawinnipeg.com\/index.php\/wp-json\/wp\/v2\/posts\/3446","targetHints":{"allow":["GET"]}}],"collection":[{"href":"https:\/\/radiopoloniawinnipeg.com\/index.php\/wp-json\/wp\/v2\/posts"}],"about":[{"href":"https:\/\/radiopoloniawinnipeg.com\/index.php\/wp-json\/wp\/v2\/types\/post"}],"author":[{"embeddable":true,"href":"https:\/\/radiopoloniawinnipeg.com\/index.php\/wp-json\/wp\/v2\/users\/3"}],"replies":[{"embeddable":true,"href":"https:\/\/radiopoloniawinnipeg.com\/index.php\/wp-json\/wp\/v2\/comments?post=3446"}],"version-history":[{"count":0,"href":"https:\/\/radiopoloniawinnipeg.com\/index.php\/wp-json\/wp\/v2\/posts\/3446\/revisions"}],"wp:featuredmedia":[{"embeddable":true,"href":"https:\/\/radiopoloniawinnipeg.com\/index.php\/wp-json\/wp\/v2\/media\/3447"}],"wp:attachment":[{"href":"https:\/\/radiopoloniawinnipeg.com\/index.php\/wp-json\/wp\/v2\/media?parent=3446"}],"wp:term":[{"taxonomy":"category","embeddable":true,"href":"https:\/\/radiopoloniawinnipeg.com\/index.php\/wp-json\/wp\/v2\/categories?post=3446"},{"taxonomy":"post_tag","embeddable":true,"href":"https:\/\/radiopoloniawinnipeg.com\/index.php\/wp-json\/wp\/v2\/tags?post=3446"}],"curies":[{"name":"wp","href":"https:\/\/api.w.org\/{rel}","templated":true}]}}