{"id":3454,"date":"2025-08-24T14:30:10","date_gmt":"2025-08-24T18:30:10","guid":{"rendered":"https:\/\/radiopoloniawinnipeg.com\/index.php\/2025\/08\/24\/nik-punktuje-tajne-zakupy-msz\/"},"modified":"2025-08-24T14:30:10","modified_gmt":"2025-08-24T18:30:10","slug":"nik-punktuje-tajne-zakupy-msz","status":"publish","type":"post","link":"https:\/\/radiopoloniawinnipeg.com\/index.php\/2025\/08\/24\/nik-punktuje-tajne-zakupy-msz\/","title":{"rendered":"NIK punktuje \u201etajne&#8221; zakupy MSZ"},"content":{"rendered":"<p><img decoding=\"async\" loading=\"lazy\" class=\"aligncenter size-custom-full-size wp-image-221402\" src=\"https:\/\/bejsment.com\/wp-content\/uploads\/2025\/08\/aanik-636x477.jpg\" alt=\"\" width=\"636\" height=\"477\" \/><\/p>\n<p><strong>Ministerstwo Spraw Zagranicznych wyda\u0142o 135,6 tys. z\u0142 na zakup siedmiu urz\u0105dze\u0144 maj\u0105cych chroni\u0107 spotkania przed pods\u0142uchem i nagrywaniem obrazu. Ka\u017cde kosztowa\u0142o niemal 20 tys. z\u0142. Zakup mia\u0142 by\u0107 obj\u0119ty \u015bcis\u0142\u0105 tajemnic\u0105, jednak wyszed\u0142 na jaw dzi\u0119ki Najwy\u017cszej Izbie Kontroli, kt\u00f3ra w raporcie o wykonaniu bud\u017cetu pa\u0144stwa za 2024 r. wskaza\u0142a na powa\u017cne naruszenia procedur.<\/strong><\/p>\n<p>Kontrolerzy NIK podkre\u015blili, \u017ce MSZ nie przeprowadzi\u0142o rozeznania rynku, nie ustali\u0142o formalnie warto\u015bci zam\u00f3wienia ani nie udokumentowa\u0142o kryteri\u00f3w wyboru oferty. Innymi s\u0142owy, resort pomin\u0105\u0142 przepisy o zam\u00f3wieniach publicznych i dokona\u0142 zakupu w trybie przypominaj\u0105cym dzia\u0142ania w \u201estrefie tajemnicy\u201d, mimo \u017ce chodzi\u0142o o pieni\u0105dze podatnik\u00f3w.<\/p>\n<p>Co wi\u0119cej, sam sprz\u0119t \u2013 jak wynika z ustale\u0144 \u2013 nie jest ani zaawansowany technologicznie, ani szczeg\u00f3lnie specjalistyczny. To w praktyce bezpieczne pojemniki na telefony, kt\u00f3re uniemo\u017cliwiaj\u0105 ich pods\u0142uch i nagrywanie podczas spotka\u0144. \u2013 Telefony mo\u017cna by\u0142o po prostu zostawia\u0107 poza sal\u0105, a je\u015bli kto\u015b dzwoni\u0142, obs\u0142uga informowa\u0142a ministra lub premiera \u2013 komentuje by\u0142y szef Agencji Wywiadu Grzegorz Ma\u0142ecki.<\/p>\n<p>W tle sprawy rozgrywa si\u0119 tak\u017ce polityczna przysz\u0142o\u015b\u0107 samej NIK. Jesieni\u0105 ko\u0144czy si\u0119 kadencja jej prezesa Mariana Banasia, a Sejm ju\u017c we wrze\u015bniu wybierze jego nast\u0119pc\u0119. Najpowa\u017cniejszymi kandydatami s\u0105 Tadeusz Dziuba, popierany przez Prawo i Sprawiedliwo\u015b\u0107, oraz Marcin Ha\u0142adyj, zg\u0142oszony przez Szymona Ho\u0142owni\u0119.<\/p>\n<p>Bana\u015b, mimo zbli\u017caj\u0105cego si\u0119 ko\u0144ca kadencji, aktywnie zabezpiecza swoje wp\u0142ywy. W ostatnich miesi\u0105cach NIK og\u0142osi\u0142a szereg konkurs\u00f3w na dyrektorskie stanowiska, kt\u00f3re obsadzono jego zaufanymi lud\u017ami \u2013 nieusuwalnymi przez pi\u0119\u0107 lat. Plan pracy Izby na 2026 r. przyj\u0119to wyj\u0105tkowo wcze\u015bnie, co dodatkowo umacnia pozycj\u0119 Banasia, kt\u00f3ry \u2013 jak wskazuj\u0105 media \u2013 nie wyklucza nawet ubiegania si\u0119 o reelekcj\u0119.<\/p>\n<p style=\"text-align: right\"><em>Na podst. i.Pl<\/em><\/p>\n","protected":false},"excerpt":{"rendered":"<p>Ministerstwo Spraw Zagranicznych wyda\u0142o 135,6 tys. z\u0142 na zakup siedmiu urz\u0105dze\u0144 maj\u0105cych chroni\u0107 spotkania przed pods\u0142uchem i nagrywaniem obrazu. Ka\u017cde kosztowa\u0142o niemal 20 tys. z\u0142.&hellip;<\/p>\n","protected":false},"author":3,"featured_media":3455,"comment_status":"open","ping_status":"open","sticky":false,"template":"","format":"standard","meta":{"footnotes":""},"categories":[14,18],"tags":[],"class_list":["post-3454","post","type-post","status-publish","format-standard","has-post-thumbnail","hentry","category-polska","category-top-news"],"_links":{"self":[{"href":"https:\/\/radiopoloniawinnipeg.com\/index.php\/wp-json\/wp\/v2\/posts\/3454","targetHints":{"allow":["GET"]}}],"collection":[{"href":"https:\/\/radiopoloniawinnipeg.com\/index.php\/wp-json\/wp\/v2\/posts"}],"about":[{"href":"https:\/\/radiopoloniawinnipeg.com\/index.php\/wp-json\/wp\/v2\/types\/post"}],"author":[{"embeddable":true,"href":"https:\/\/radiopoloniawinnipeg.com\/index.php\/wp-json\/wp\/v2\/users\/3"}],"replies":[{"embeddable":true,"href":"https:\/\/radiopoloniawinnipeg.com\/index.php\/wp-json\/wp\/v2\/comments?post=3454"}],"version-history":[{"count":0,"href":"https:\/\/radiopoloniawinnipeg.com\/index.php\/wp-json\/wp\/v2\/posts\/3454\/revisions"}],"wp:featuredmedia":[{"embeddable":true,"href":"https:\/\/radiopoloniawinnipeg.com\/index.php\/wp-json\/wp\/v2\/media\/3455"}],"wp:attachment":[{"href":"https:\/\/radiopoloniawinnipeg.com\/index.php\/wp-json\/wp\/v2\/media?parent=3454"}],"wp:term":[{"taxonomy":"category","embeddable":true,"href":"https:\/\/radiopoloniawinnipeg.com\/index.php\/wp-json\/wp\/v2\/categories?post=3454"},{"taxonomy":"post_tag","embeddable":true,"href":"https:\/\/radiopoloniawinnipeg.com\/index.php\/wp-json\/wp\/v2\/tags?post=3454"}],"curies":[{"name":"wp","href":"https:\/\/api.w.org\/{rel}","templated":true}]}}