{"id":3488,"date":"2025-08-25T20:30:09","date_gmt":"2025-08-26T00:30:09","guid":{"rendered":"https:\/\/radiopoloniawinnipeg.com\/index.php\/2025\/08\/25\/z-krolewskich-salonow-na-tor-wyscigowy-futrzaki-podbily-wilno\/"},"modified":"2025-08-25T20:30:09","modified_gmt":"2025-08-26T00:30:09","slug":"z-krolewskich-salonow-na-tor-wyscigowy-futrzaki-podbily-wilno","status":"publish","type":"post","link":"https:\/\/radiopoloniawinnipeg.com\/index.php\/2025\/08\/25\/z-krolewskich-salonow-na-tor-wyscigowy-futrzaki-podbily-wilno\/","title":{"rendered":"Z kr\u00f3lewskich salon\u00f3w na tor wy\u015bcigowy. Futrzaki podbi\u0142y Wilno"},"content":{"rendered":"<p><img decoding=\"async\" loading=\"lazy\" class=\"aligncenter size-custom-full-size wp-image-221458\" src=\"https:\/\/bejsment.com\/wp-content\/uploads\/2025\/08\/aacorgi-636x424.jpg\" alt=\"\" width=\"636\" height=\"424\" \/><\/p>\n<p><strong>Walijskie corgi, kojarzone najcz\u0119\u015bciej z brytyjsk\u0105 rodzin\u0105 kr\u00f3lewsk\u0105, tym razem udowodni\u0142y, \u017ce s\u0105 nie tylko eleganckimi pieskami do towarzystwa, lecz tak\u017ce prawdziwymi sportowcami. W Wilnie odby\u0142y si\u0119 wyj\u0105tkowe zawody Corgi Race 2025, kt\u00f3re przyci\u0105gn\u0119\u0142y dru\u017cyny z ca\u0142ej Europy \u2013 od Polski i \u0141otwy po Niemcy, Austri\u0119 i W\u0142ochy.<\/strong><\/p>\n<p>Przez dwa dni tysi\u0105ce mieszka\u0144c\u00f3w stolicy Litwy bawi\u0142o si\u0119 w najwi\u0119kszym parku miejskim, gdzie na kibic\u00f3w czeka\u0142y m.in. indywidualne sprinty, konkurs na \u201enajpot\u0119\u017cniejszy g\u0142os\u201d, wy\u015bcigi grupowe oraz zabawa w kostiumach. Psy w kolorowych przebraniach \u2013 od Batmana po ksi\u0119\u017cniczk\u0119 \u2013 budzi\u0142y entuzjazm najm\u0142odszych.<\/p>\n<p>\u201eTo wspania\u0142a zabawa i ogromne emocje dla ca\u0142ej rodziny. Tego w\u0142a\u015bnie tak wielu ludziom brakuje w dzisiejszych czasach\u201d \u2013 powiedzia\u0142a emerytowana nauczycielka Janina Stoniene, kt\u00f3ra przysz\u0142a z wnukami.<\/p>\n<h3><strong>Futrzani mistrzowie<\/strong><\/h3>\n<p>W konkursie kostiumowym zwyci\u0119\u017cy\u0142 corgi Amigo, przebrany za miniaturow\u0105 fabryk\u0119 z dwoma kominami i napisem \u201eFur Factory\u201d. Z kolei w wy\u015bcigu indywidualnym bezkonkurencyjny okaza\u0142 si\u0119 Mango \u2013 pies z Wilna, kt\u00f3ry po zesz\u0142orocznej pora\u017cce tym razem zdoby\u0142 z\u0142oto.<\/p>\n<p>\u201eW zesz\u0142ym roku trenowali\u015bmy codziennie, ale tym razem postanowili\u015bmy odpu\u015bci\u0107 i po prostu dobrze si\u0119 bawi\u0107. I to si\u0119 op\u0142aci\u0142o!\u201d \u2013 cieszy\u0142 si\u0119 w\u0142a\u015bciciel Mango, Ignas Klimaika.<\/p>\n<h3><strong>\u015awiatowe spotkanie corgi<\/strong><\/h3>\n<p>Kulminacj\u0105 wydarzenia by\u0142o \u201eWorld Corgi Meetup\u201d \u2013 mi\u0119dzynarodowe spotkanie transmitowane na \u017cywo, dzi\u0119ki kt\u00f3remu litewskie psiaki mog\u0142y \u201espotka\u0107 si\u0119\u201d ze swoimi odpowiednikami z USA, Irlandii i Polski.<\/p>\n<p>\u201eOn wie, \u017ce wygra\u0142 i jest z siebie naprawd\u0119 dumny\u201d \u2013 doda\u0142 Ignas, kt\u00f3ry ju\u017c zapowiedzia\u0142 start Mango w przysz\u0142orocznej edycji.<\/p>\n<p style=\"text-align: right\">Na podst. Associated Press<\/p>\n","protected":false},"excerpt":{"rendered":"<p>Walijskie corgi, kojarzone najcz\u0119\u015bciej z brytyjsk\u0105 rodzin\u0105 kr\u00f3lewsk\u0105, tym razem udowodni\u0142y, \u017ce s\u0105 nie tylko eleganckimi pieskami do towarzystwa, lecz tak\u017ce prawdziwymi sportowcami. W Wilnie&hellip;<\/p>\n","protected":false},"author":3,"featured_media":3489,"comment_status":"open","ping_status":"open","sticky":false,"template":"","format":"standard","meta":{"footnotes":""},"categories":[15,18],"tags":[],"class_list":["post-3488","post","type-post","status-publish","format-standard","has-post-thumbnail","hentry","category-swiat","category-top-news"],"_links":{"self":[{"href":"https:\/\/radiopoloniawinnipeg.com\/index.php\/wp-json\/wp\/v2\/posts\/3488","targetHints":{"allow":["GET"]}}],"collection":[{"href":"https:\/\/radiopoloniawinnipeg.com\/index.php\/wp-json\/wp\/v2\/posts"}],"about":[{"href":"https:\/\/radiopoloniawinnipeg.com\/index.php\/wp-json\/wp\/v2\/types\/post"}],"author":[{"embeddable":true,"href":"https:\/\/radiopoloniawinnipeg.com\/index.php\/wp-json\/wp\/v2\/users\/3"}],"replies":[{"embeddable":true,"href":"https:\/\/radiopoloniawinnipeg.com\/index.php\/wp-json\/wp\/v2\/comments?post=3488"}],"version-history":[{"count":0,"href":"https:\/\/radiopoloniawinnipeg.com\/index.php\/wp-json\/wp\/v2\/posts\/3488\/revisions"}],"wp:featuredmedia":[{"embeddable":true,"href":"https:\/\/radiopoloniawinnipeg.com\/index.php\/wp-json\/wp\/v2\/media\/3489"}],"wp:attachment":[{"href":"https:\/\/radiopoloniawinnipeg.com\/index.php\/wp-json\/wp\/v2\/media?parent=3488"}],"wp:term":[{"taxonomy":"category","embeddable":true,"href":"https:\/\/radiopoloniawinnipeg.com\/index.php\/wp-json\/wp\/v2\/categories?post=3488"},{"taxonomy":"post_tag","embeddable":true,"href":"https:\/\/radiopoloniawinnipeg.com\/index.php\/wp-json\/wp\/v2\/tags?post=3488"}],"curies":[{"name":"wp","href":"https:\/\/api.w.org\/{rel}","templated":true}]}}