{"id":3494,"date":"2025-08-26T07:30:08","date_gmt":"2025-08-26T11:30:08","guid":{"rendered":"https:\/\/radiopoloniawinnipeg.com\/index.php\/2025\/08\/26\/premier-carney-w-berlinie\/"},"modified":"2025-08-26T07:30:08","modified_gmt":"2025-08-26T11:30:08","slug":"premier-carney-w-berlinie","status":"publish","type":"post","link":"https:\/\/radiopoloniawinnipeg.com\/index.php\/2025\/08\/26\/premier-carney-w-berlinie\/","title":{"rendered":"Premier Carney w Berlinie"},"content":{"rendered":"<p><img decoding=\"async\" loading=\"lazy\" class=\"aligncenter size-custom-full-size wp-image-221524\" src=\"https:\/\/bejsment.com\/wp-content\/uploads\/2025\/08\/aacarneyniemcy-636x459.jpg\" alt=\"\" width=\"636\" height=\"459\" \/><\/p>\n<p><strong>Premier Kanady Mark Carney w poniedzia\u0142ek wieczorem przeni\u00f3s\u0142 si\u0119 z Warszawy do Berlina, aby zacie\u015bni\u0107 wsp\u00f3\u0142prac\u0119 handlow\u0105 i obronn\u0105 z najwi\u0119ksz\u0105 \u2013 jak podkre\u015bli\u0142 &#8211; gospodark\u0105 Europy. Wizyta odbywa si\u0119 w czasie, gdy prezydent USA Donald Trump prowadzi wojn\u0119 celn\u0105, a rosyjska agresja na Ukrain\u0119 wci\u0105\u017c destabilizuje sytuacj\u0119 mi\u0119dzynarodow\u0105.<\/strong><\/p>\n<p>By\u0142y niemiecki minister Bernd Althusmann, kieruj\u0105cy biurem Fundacji Konrada Adenauera w Kanadzie, podkre\u015bli\u0142, \u017ce partnerstwo mi\u0119dzy Berlinem a Ottaw\u0105 \u201ejest wa\u017cniejsze ni\u017c kiedykolwiek\u201d.<\/p>\n<p>\u2013 <em>W takich niepewnych czasach jak te potrzeba przyjaci\u00f3\u0142 i partner\u00f3w<\/em> \u2013 zaznaczy\u0142.<\/p>\n<p>Kanada i Niemcy w ostatnich latach wsp\u00f3\u0142pracowa\u0142y m.in. przy projektach zwi\u0105zanych z klimatem i technologi\u0105 wodorow\u0105. Jednak relacje nie by\u0142y wolne od zgrzyt\u00f3w, m.in. z powodu niskiej rangi kanadyjskiej delegacji podczas tegorocznych targ\u00f3w Hannover Messe czy braku ambasadora Kanady w Berlinie od 2023 roku.<\/p>\n<p>Carney spotka si\u0119 z niemieckimi liderami, by om\u00f3wi\u0107 kwestie energetyczne i bezpiecze\u0144stwa. Berlin liczy, \u017ce Kanada pomo\u017ce zapewni\u0107 niedrogie paliwo i rozwinie eksport wodoru do Europy. W obszarze obronno\u015bci Niemcy proponuj\u0105 Ottawie udzia\u0142 w projekcie budowy okr\u0119t\u00f3w podwodnych z Norwegi\u0105, a tak\u017ce wsp\u00f3\u0142prac\u0119 w zakresie cyberbezpiecze\u0144stwa.<\/p>\n<p>W wymiarze handlowym rozmowy dotycz\u0105 pe\u0142nego wykorzystania umowy CETA z 2017 roku, kt\u00f3ra zdaniem Berlina mo\u017ce sta\u0107 si\u0119 odpowiedzi\u0105 na ameryka\u0144sk\u0105 polityk\u0119 protekcjonistyczn\u0105. \u2013 <em>Wci\u0105\u017c widz\u0119 niewykorzystane mo\u017cliwo\u015bci w obszarze zielonych technologii i surowc\u00f3w krytycznych, gdzie bogactwo zasob\u00f3w Kanady i innowacyjne atuty Niemiec mog\u0105 przynie\u015b\u0107 efekt synergii<\/em> \u2013 podkre\u015bli\u0142 Althusmann.<\/p>\n<p>Wizyta Carneya zbieg\u0142a si\u0119 z przewodnictwem Kanady w grupie G7. Ottawa chce wykorzysta\u0107 ten czas, by wsp\u00f3lnie z Berlinem budowa\u0107 silniejsze wi\u0119zi transatlantyckie i wp\u0142ywa\u0107 na decyzje USA w sprawach przemys\u0142u i pomocy zagranicznej.<\/p>\n<p>\u2013 <em>Potrzebujemy tego silnego partnerstwa w czasach, gdy nikt nie wie, co wydarzy si\u0119 w najbli\u017cszych latach, zw\u0142aszcza w Stanach Zjednoczonych<\/em> \u2013 podsumowa\u0142 Althusmann.<\/p>\n<p style=\"text-align: right\"><em>Na podst. Canadian Press<\/em><\/p>\n","protected":false},"excerpt":{"rendered":"<p>Premier Kanady Mark Carney w poniedzia\u0142ek wieczorem przeni\u00f3s\u0142 si\u0119 z Warszawy do Berlina, aby zacie\u015bni\u0107 wsp\u00f3\u0142prac\u0119 handlow\u0105 i obronn\u0105 z najwi\u0119ksz\u0105 \u2013 jak podkre\u015bli\u0142 &#8211;&hellip;<\/p>\n","protected":false},"author":3,"featured_media":3495,"comment_status":"open","ping_status":"open","sticky":false,"template":"","format":"standard","meta":{"footnotes":""},"categories":[15,18],"tags":[],"class_list":["post-3494","post","type-post","status-publish","format-standard","has-post-thumbnail","hentry","category-swiat","category-top-news"],"_links":{"self":[{"href":"https:\/\/radiopoloniawinnipeg.com\/index.php\/wp-json\/wp\/v2\/posts\/3494","targetHints":{"allow":["GET"]}}],"collection":[{"href":"https:\/\/radiopoloniawinnipeg.com\/index.php\/wp-json\/wp\/v2\/posts"}],"about":[{"href":"https:\/\/radiopoloniawinnipeg.com\/index.php\/wp-json\/wp\/v2\/types\/post"}],"author":[{"embeddable":true,"href":"https:\/\/radiopoloniawinnipeg.com\/index.php\/wp-json\/wp\/v2\/users\/3"}],"replies":[{"embeddable":true,"href":"https:\/\/radiopoloniawinnipeg.com\/index.php\/wp-json\/wp\/v2\/comments?post=3494"}],"version-history":[{"count":0,"href":"https:\/\/radiopoloniawinnipeg.com\/index.php\/wp-json\/wp\/v2\/posts\/3494\/revisions"}],"wp:featuredmedia":[{"embeddable":true,"href":"https:\/\/radiopoloniawinnipeg.com\/index.php\/wp-json\/wp\/v2\/media\/3495"}],"wp:attachment":[{"href":"https:\/\/radiopoloniawinnipeg.com\/index.php\/wp-json\/wp\/v2\/media?parent=3494"}],"wp:term":[{"taxonomy":"category","embeddable":true,"href":"https:\/\/radiopoloniawinnipeg.com\/index.php\/wp-json\/wp\/v2\/categories?post=3494"},{"taxonomy":"post_tag","embeddable":true,"href":"https:\/\/radiopoloniawinnipeg.com\/index.php\/wp-json\/wp\/v2\/tags?post=3494"}],"curies":[{"name":"wp","href":"https:\/\/api.w.org\/{rel}","templated":true}]}}