{"id":3496,"date":"2025-08-26T08:30:05","date_gmt":"2025-08-26T12:30:05","guid":{"rendered":"https:\/\/radiopoloniawinnipeg.com\/index.php\/2025\/08\/26\/nawrocki-wetuje-trzy-ustawy-oze-podatki-i-pomoc-dla-ukraincow\/"},"modified":"2025-08-26T08:30:05","modified_gmt":"2025-08-26T12:30:05","slug":"nawrocki-wetuje-trzy-ustawy-oze-podatki-i-pomoc-dla-ukraincow","status":"publish","type":"post","link":"https:\/\/radiopoloniawinnipeg.com\/index.php\/2025\/08\/26\/nawrocki-wetuje-trzy-ustawy-oze-podatki-i-pomoc-dla-ukraincow\/","title":{"rendered":"Nawrocki wetuje trzy ustawy: OZE, podatki i pomoc dla Ukrai\u0144c\u00f3w"},"content":{"rendered":"<p><img decoding=\"async\" loading=\"lazy\" class=\"aligncenter size-custom-full-size wp-image-221532\" src=\"https:\/\/bejsment.com\/wp-content\/uploads\/2025\/08\/aanawrocki2-1-636x358.jpg\" alt=\"\" width=\"636\" height=\"358\" \/><\/p>\n<p><strong>Prezydent Karol Nawrocki w poniedzia\u0142ek skorzysta\u0142 z prawa weta wobec trzech ustaw przygotowanych przez rz\u0105d. Decyzj\u0119 og\u0142osi\u0142 szef Kancelarii Prezydenta RP, Zbigniew Bogucki.<\/strong><\/p>\n<h3><strong>Sp\u00f3r o deregulacj\u0119 w energetyce<\/strong><\/h3>\n<p>Jedn\u0105 z ustaw, kt\u00f3re trafi\u0142y do kosza, by\u0142a tzw. ustawa deregulacyjna w zakresie energetyki. Dokument zak\u0142ada\u0142 m.in. podniesienie z 1 do 5 MW progu mocy instalacji OZE, dla kt\u00f3rych konieczne by\u0142oby uzyskanie koncesji. Prezydent podkre\u015bli\u0142, \u017ce takie rozwi\u0105zanie oznacza\u0142oby de facto samowol\u0119 budowlan\u0105. \u2013 <em>To s\u0105 ju\u017c naprawd\u0119 \u015brednie instalacje i mia\u0142yby by\u0107 poza jak\u0105kolwiek kontrol\u0105 pa\u0144stwa. Rozumiem, \u017ce nie wpisali tego do ustawy wiatrakowej, wi\u0119c t\u0105 ustaw\u0105 chcieli to dope\u0142ni\u0107<\/em> \u2013 m\u00f3wi\u0142 Bogucki.<\/p>\n<h3><strong>Weto wobec \u0142agodzenia kar skarbowych<\/strong><\/h3>\n<p>Prezydent odrzuci\u0142 tak\u017ce rz\u0105dow\u0105 propozycj\u0119 zmian w Kodeksie karnym skarbowym i Ordynacji podatkowej. Projekt zak\u0142ada\u0142 obni\u017cenie kar za tzw. przest\u0119pstwa skarbowe o charakterze formalnym, kt\u00f3re nie powoduj\u0105 bezpo\u015brednich strat podatkowych. Planowano m.in. zmniejszenie maksymalnych grzywien oraz likwidacj\u0119 obowi\u0105zku wyznaczania os\u00f3b odpowiedzialnych za pob\u00f3r podatk\u00f3w. \u2013 <em>To pr\u00f3ba nadmiernego luzowania przepis\u00f3w w sferze tak wra\u017cliwej, jak system podatkowy<\/em> \u2013 wskaza\u0142a Kancelaria Prezydenta.<\/p>\n<h3><strong>Prezydent: \u015bwiadczenia dla Ukrai\u0144c\u00f3w tylko dla pracuj\u0105cych<\/strong><\/h3>\n<p>Trzecie weto dotyczy\u0142o nowelizacji ustawy o pomocy obywatelom Ukrainy. Prezydent argumentowa\u0142, \u017ce realia polityczne i gospodarcze zmieni\u0142y si\u0119 od momentu uchwalenia pierwszej wersji prawa. \u2013 <em>\u201e800+\u201d powinno przynale\u017ce\u0107 tylko tym uchod\u017acom z Ukrainy, kt\u00f3rzy podejmuj\u0105 si\u0119 wysi\u0142ku pracy. Podobnie z dost\u0119pem do ochrony zdrowia<\/em> \u2013 zaznaczy\u0142 Nawrocki.<\/p>\n<p style=\"text-align: right\"><em>Na podst. i.Pl<\/em><\/p>\n","protected":false},"excerpt":{"rendered":"<p>Prezydent Karol Nawrocki w poniedzia\u0142ek skorzysta\u0142 z prawa weta wobec trzech ustaw przygotowanych przez rz\u0105d. Decyzj\u0119 og\u0142osi\u0142 szef Kancelarii Prezydenta RP, Zbigniew Bogucki. Sp\u00f3r o&hellip;<\/p>\n","protected":false},"author":3,"featured_media":3497,"comment_status":"open","ping_status":"open","sticky":false,"template":"","format":"standard","meta":{"footnotes":""},"categories":[14,18],"tags":[],"class_list":["post-3496","post","type-post","status-publish","format-standard","has-post-thumbnail","hentry","category-polska","category-top-news"],"_links":{"self":[{"href":"https:\/\/radiopoloniawinnipeg.com\/index.php\/wp-json\/wp\/v2\/posts\/3496","targetHints":{"allow":["GET"]}}],"collection":[{"href":"https:\/\/radiopoloniawinnipeg.com\/index.php\/wp-json\/wp\/v2\/posts"}],"about":[{"href":"https:\/\/radiopoloniawinnipeg.com\/index.php\/wp-json\/wp\/v2\/types\/post"}],"author":[{"embeddable":true,"href":"https:\/\/radiopoloniawinnipeg.com\/index.php\/wp-json\/wp\/v2\/users\/3"}],"replies":[{"embeddable":true,"href":"https:\/\/radiopoloniawinnipeg.com\/index.php\/wp-json\/wp\/v2\/comments?post=3496"}],"version-history":[{"count":0,"href":"https:\/\/radiopoloniawinnipeg.com\/index.php\/wp-json\/wp\/v2\/posts\/3496\/revisions"}],"wp:featuredmedia":[{"embeddable":true,"href":"https:\/\/radiopoloniawinnipeg.com\/index.php\/wp-json\/wp\/v2\/media\/3497"}],"wp:attachment":[{"href":"https:\/\/radiopoloniawinnipeg.com\/index.php\/wp-json\/wp\/v2\/media?parent=3496"}],"wp:term":[{"taxonomy":"category","embeddable":true,"href":"https:\/\/radiopoloniawinnipeg.com\/index.php\/wp-json\/wp\/v2\/categories?post=3496"},{"taxonomy":"post_tag","embeddable":true,"href":"https:\/\/radiopoloniawinnipeg.com\/index.php\/wp-json\/wp\/v2\/tags?post=3496"}],"curies":[{"name":"wp","href":"https:\/\/api.w.org\/{rel}","templated":true}]}}