{"id":3502,"date":"2025-08-26T14:30:11","date_gmt":"2025-08-26T18:30:11","guid":{"rendered":"https:\/\/radiopoloniawinnipeg.com\/index.php\/2025\/08\/26\/zolnierz-ranny-na-granicy-z-bialorusia-migranci-zaatakowali-w-czeremsze\/"},"modified":"2025-08-26T14:30:11","modified_gmt":"2025-08-26T18:30:11","slug":"zolnierz-ranny-na-granicy-z-bialorusia-migranci-zaatakowali-w-czeremsze","status":"publish","type":"post","link":"https:\/\/radiopoloniawinnipeg.com\/index.php\/2025\/08\/26\/zolnierz-ranny-na-granicy-z-bialorusia-migranci-zaatakowali-w-czeremsze\/","title":{"rendered":"\u017bo\u0142nierz ranny na granicy z Bia\u0142orusi\u0105. Migranci zaatakowali w Czeremsze"},"content":{"rendered":"<p><img decoding=\"async\" loading=\"lazy\" class=\"aligncenter size-custom-full-size wp-image-221546\" src=\"https:\/\/bejsment.com\/wp-content\/uploads\/2025\/08\/aagranica3-636x358.jpg\" alt=\"\" width=\"636\" height=\"358\" \/><\/p>\n<p><strong>Dow\u00f3dztwo Operacyjne Rodzaj\u00f3w Si\u0142 Zbrojnych poinformowa\u0142o o kolejnym niebezpiecznym zdarzeniu na granicy z Bia\u0142orusi\u0105. Do incydentu dosz\u0142o w poniedzia\u0142ek wieczorem w rejonie Czeremchy, w powiecie hajnowskim, podczas akcji \u201eBezpieczne Podlasie\u201d.<\/strong><\/p>\n<p>Jak przekazano w komunikacie, 25 sierpnia oko\u0142o godziny 20:00 \u017co\u0142nierz Zgrupowania Zadaniowego Podlasie zosta\u0142 ranny w trakcie udaremniania pr\u00f3by nielegalnego przekroczenia granicy przez grup\u0119 agresywnych migrant\u00f3w. \u2013 <em>Podczas u\u017cycia \u015brodk\u00f3w przymusu bezpo\u015bredniego dozna\u0142 urazu lewej r\u0119ki<\/em> \u2013 poinformowa\u0142o Dow\u00f3dztwo.<\/p>\n<p>Na miejscu udzielono poszkodowanemu pierwszej pomocy, a nast\u0119pnie przetransportowano go do szpitala w Bia\u0142ymstoku. Jego stan jest stabilny i nie ma zagro\u017cenia \u017cycia. Spraw\u0119 bada \u017bandarmeria Wojskowa.<\/p>\n<h3><strong>Narastaj\u0105ce napi\u0119cia na granicy<\/strong><\/h3>\n<p>To kolejny w ostatnich dniach incydent na granicy polsko-bia\u0142oruskiej. Stra\u017c Graniczna informowa\u0142a wcze\u015bniej o coraz bardziej agresywnych zachowaniach migrant\u00f3w. 13 sierpnia odnotowano blisko 150 pr\u00f3b nielegalnego przekroczenia granicy, a funkcjonariusze zostali zaatakowani kamieniami.<\/p>\n<p>W innych rejonach sytuacja wygl\u0105da r\u00f3wnie napi\u0119cie. W Micha\u0142owie ponad 20-osobowa grupa wykona\u0142a podkop pod zapor\u0105 graniczn\u0105. Zatrzymano wszystkich migrant\u00f3w, w tym dw\u00f3ch po intensywnych dzia\u0142aniach operacyjnych. Z kolei w Narewce funkcjonariusze zostali zaatakowani kamieniami, petardami i butelkami z nieznan\u0105 ciecz\u0105, a na trasie patroli znaleziono przeci\u0119ty drut kolczasty, kt\u00f3ry uszkodzi\u0142 pojazd SG.<\/p>\n<p style=\"text-align: right\"><em>Na podst. i.Pl<\/em><\/p>\n","protected":false},"excerpt":{"rendered":"<p>Dow\u00f3dztwo Operacyjne Rodzaj\u00f3w Si\u0142 Zbrojnych poinformowa\u0142o o kolejnym niebezpiecznym zdarzeniu na granicy z Bia\u0142orusi\u0105. Do incydentu dosz\u0142o w poniedzia\u0142ek wieczorem w rejonie Czeremchy, w powiecie&hellip;<\/p>\n","protected":false},"author":3,"featured_media":3503,"comment_status":"open","ping_status":"open","sticky":false,"template":"","format":"standard","meta":{"footnotes":""},"categories":[14,18],"tags":[],"class_list":["post-3502","post","type-post","status-publish","format-standard","has-post-thumbnail","hentry","category-polska","category-top-news"],"_links":{"self":[{"href":"https:\/\/radiopoloniawinnipeg.com\/index.php\/wp-json\/wp\/v2\/posts\/3502","targetHints":{"allow":["GET"]}}],"collection":[{"href":"https:\/\/radiopoloniawinnipeg.com\/index.php\/wp-json\/wp\/v2\/posts"}],"about":[{"href":"https:\/\/radiopoloniawinnipeg.com\/index.php\/wp-json\/wp\/v2\/types\/post"}],"author":[{"embeddable":true,"href":"https:\/\/radiopoloniawinnipeg.com\/index.php\/wp-json\/wp\/v2\/users\/3"}],"replies":[{"embeddable":true,"href":"https:\/\/radiopoloniawinnipeg.com\/index.php\/wp-json\/wp\/v2\/comments?post=3502"}],"version-history":[{"count":0,"href":"https:\/\/radiopoloniawinnipeg.com\/index.php\/wp-json\/wp\/v2\/posts\/3502\/revisions"}],"wp:featuredmedia":[{"embeddable":true,"href":"https:\/\/radiopoloniawinnipeg.com\/index.php\/wp-json\/wp\/v2\/media\/3503"}],"wp:attachment":[{"href":"https:\/\/radiopoloniawinnipeg.com\/index.php\/wp-json\/wp\/v2\/media?parent=3502"}],"wp:term":[{"taxonomy":"category","embeddable":true,"href":"https:\/\/radiopoloniawinnipeg.com\/index.php\/wp-json\/wp\/v2\/categories?post=3502"},{"taxonomy":"post_tag","embeddable":true,"href":"https:\/\/radiopoloniawinnipeg.com\/index.php\/wp-json\/wp\/v2\/tags?post=3502"}],"curies":[{"name":"wp","href":"https:\/\/api.w.org\/{rel}","templated":true}]}}