{"id":3510,"date":"2025-08-26T18:15:06","date_gmt":"2025-08-26T22:15:06","guid":{"rendered":"https:\/\/radiopoloniawinnipeg.com\/index.php\/2025\/08\/26\/rozlam-w-nowej-lewicy-grupa-z-kielc-odchodzi-z-partii\/"},"modified":"2025-08-26T18:15:06","modified_gmt":"2025-08-26T22:15:06","slug":"rozlam-w-nowej-lewicy-grupa-z-kielc-odchodzi-z-partii","status":"publish","type":"post","link":"https:\/\/radiopoloniawinnipeg.com\/index.php\/2025\/08\/26\/rozlam-w-nowej-lewicy-grupa-z-kielc-odchodzi-z-partii\/","title":{"rendered":"Roz\u0142am w Nowej Lewicy. Grupa z Kielc odchodzi z partii"},"content":{"rendered":"<div id=\"attachment_221553\" style=\"width: 646px\" class=\"wp-caption aligncenter\"><img decoding=\"async\" loading=\"lazy\" aria-describedby=\"caption-attachment-221553\" class=\"size-custom-full-size wp-image-221553\" src=\"https:\/\/bejsment.com\/wp-content\/uploads\/2025\/08\/aarozlam-636x478.jpg\" alt=\"\" width=\"636\" height=\"478\" \/><\/p>\n<p id=\"caption-attachment-221553\" class=\"wp-caption-text\">Andrzej Szejna i W\u0142odzimierz Czarzasty (Nowa Lewica)<\/p>\n<\/div>\n<p><strong>Wiceprzewodnicz\u0105cy kieleckiej Nowej Lewicy Marcin Ch\u0142odnicki wraz z grup\u0105 kilkudziesi\u0119ciu dzia\u0142aczy og\u0142osi\u0142 odej\u015bcie z partii i zapowiedzia\u0142 budow\u0119 nowego stowarzyszenia. To konsekwencja wielomiesi\u0119cznego sporu z szefem lokalnych struktur ugrupowania, by\u0142ym wiceministrem spraw zagranicznych Andrzejem Szejn\u0105.<\/strong><\/p>\n<p>\u2013 Partia Nowa Lewica zosta\u0142a w mie\u015bcie Kielce zlikwidowana przez pos\u0142a Andrzeja Szejn\u0119. Tracimy mo\u017cliwo\u015b\u0107 jakiejkolwiek formu\u0142y i p\u0142aszczyzny dzia\u0142ania na tym gruncie partyjnym i politycznym \u2013 powiedzia\u0142 Ch\u0142odnicki, cytowany przez Echo Dnia.<\/p>\n<h3><strong>\u201eAntydemokratyczne i absurdalne\u201d<\/strong><\/h3>\n<p>Pod koniec marca Rada Wojew\u00f3dzka Nowej Lewicy w tajnym g\u0142osowaniu online podj\u0119\u0142a decyzj\u0119 o rozwi\u0105zaniu kieleckich struktur partii. Dzia\u0142acze twierdz\u0105, \u017ce nie zostali poinformowani o zamiarach w\u0142adz wojew\u00f3dzkich ani nie podano im uzasadnienia decyzji.<\/p>\n<p>\u2013 To ca\u0142kowicie absurdalne i antydemokratyczne. Zostali\u015bmy pozbawieni prawa udzia\u0142u w wewn\u0105trzpartyjnych wyborach \u2013 to s\u0105 g\u0142\u00f3wne powody odej\u015bcia \u2013 podkre\u015bli\u0142 Ch\u0142odnicki.<\/p>\n<p>Do roz\u0142amowc\u00f3w do\u0142\u0105czy\u0142a m.in. Bo\u017cena Kizi\u0144ska, by\u0142a pos\u0142anka SLD.<\/p>\n<p>\u2013 Razem z Aleksandrem Kwa\u015bniewskim budowali\u015bmy Lewic\u0119. Nawet w najczarniejszych my\u015blach nie przypuszcza\u0142am, \u017ce nadejdzie moment, gdy jako za\u0142o\u017cycielka partii w kraju i w wojew\u00f3dztwie, z legitymacj\u0105 numer jeden, powiem: odchodz\u0119 \u2013 m\u00f3wi\u0142a na konferencji prasowej.<\/p>\n<h3><strong>Szejna odpowiada<\/strong><\/h3>\n<p>Andrzej Szejna oceni\u0142 decyzj\u0119 dzia\u0142aczy jako \u201ezdumiewaj\u0105c\u0105\u201d. Jak podkre\u015bli\u0142, rozwi\u0105zanie kieleckich struktur by\u0142o wynikiem demokratycznego g\u0142osowania rady wojew\u00f3dzkiej, a nie jego jednoosobow\u0105 decyzj\u0105.<\/p>\n<p>Nie jest wykluczone, \u017ce do buntownik\u00f3w przy\u0142\u0105cz\u0105 si\u0119 dzia\u0142acze z innych miast. Podobna sytuacja mia\u0142a miejsce w J\u0119drzejowie, gdzie r\u00f3wnie\u017c rozwi\u0105zano lokalne struktury Nowej Lewicy.<\/p>\n<p style=\"text-align: right\"><em>Na podst. i.Pl<\/em><\/p>\n","protected":false},"excerpt":{"rendered":"<p>Andrzej Szejna i W\u0142odzimierz Czarzasty (Nowa Lewica) Wiceprzewodnicz\u0105cy kieleckiej Nowej Lewicy Marcin Ch\u0142odnicki wraz z grup\u0105 kilkudziesi\u0119ciu dzia\u0142aczy og\u0142osi\u0142 odej\u015bcie z partii i zapowiedzia\u0142 budow\u0119&hellip;<\/p>\n","protected":false},"author":3,"featured_media":3511,"comment_status":"open","ping_status":"open","sticky":false,"template":"","format":"standard","meta":{"footnotes":""},"categories":[14,18],"tags":[],"class_list":["post-3510","post","type-post","status-publish","format-standard","has-post-thumbnail","hentry","category-polska","category-top-news"],"_links":{"self":[{"href":"https:\/\/radiopoloniawinnipeg.com\/index.php\/wp-json\/wp\/v2\/posts\/3510","targetHints":{"allow":["GET"]}}],"collection":[{"href":"https:\/\/radiopoloniawinnipeg.com\/index.php\/wp-json\/wp\/v2\/posts"}],"about":[{"href":"https:\/\/radiopoloniawinnipeg.com\/index.php\/wp-json\/wp\/v2\/types\/post"}],"author":[{"embeddable":true,"href":"https:\/\/radiopoloniawinnipeg.com\/index.php\/wp-json\/wp\/v2\/users\/3"}],"replies":[{"embeddable":true,"href":"https:\/\/radiopoloniawinnipeg.com\/index.php\/wp-json\/wp\/v2\/comments?post=3510"}],"version-history":[{"count":0,"href":"https:\/\/radiopoloniawinnipeg.com\/index.php\/wp-json\/wp\/v2\/posts\/3510\/revisions"}],"wp:featuredmedia":[{"embeddable":true,"href":"https:\/\/radiopoloniawinnipeg.com\/index.php\/wp-json\/wp\/v2\/media\/3511"}],"wp:attachment":[{"href":"https:\/\/radiopoloniawinnipeg.com\/index.php\/wp-json\/wp\/v2\/media?parent=3510"}],"wp:term":[{"taxonomy":"category","embeddable":true,"href":"https:\/\/radiopoloniawinnipeg.com\/index.php\/wp-json\/wp\/v2\/categories?post=3510"},{"taxonomy":"post_tag","embeddable":true,"href":"https:\/\/radiopoloniawinnipeg.com\/index.php\/wp-json\/wp\/v2\/tags?post=3510"}],"curies":[{"name":"wp","href":"https:\/\/api.w.org\/{rel}","templated":true}]}}