{"id":3544,"date":"2025-08-28T15:45:06","date_gmt":"2025-08-28T19:45:06","guid":{"rendered":"https:\/\/radiopoloniawinnipeg.com\/index.php\/2025\/08\/28\/w-katastrofie-mysliwca-f-16-zycie-stracil-polski-lotnik\/"},"modified":"2025-08-28T15:45:06","modified_gmt":"2025-08-28T19:45:06","slug":"w-katastrofie-mysliwca-f-16-zycie-stracil-polski-lotnik","status":"publish","type":"post","link":"https:\/\/radiopoloniawinnipeg.com\/index.php\/2025\/08\/28\/w-katastrofie-mysliwca-f-16-zycie-stracil-polski-lotnik\/","title":{"rendered":"W katastrofie my\u015bliwca F-16 \u017cycie straci\u0142 polski lotnik"},"content":{"rendered":"<div class=\"EmbeddedApplication_wrapper__epUjo EmbeddedApplication_embedPlaceholder___f_CZ EmbeddedApplication_embedPlaceholderDesktop__E4Not EmbeddedApplication_rolled__shqa9 EmbeddedApplication_out__de78_\">\n<div class=\"EmbeddedApplication_container___KKhX\">\n<div class=\"EmbeddedApplication_content__IVKUy\">\n<div data-height-origin-hint=\"\" data-author-name=\"Remiza.pl\" data-embed-id=\"nvvO8DrhA\" data-provider-name=\"Twitter\" data-extra-embed-params=\"%7B%7D\" data-embed-img=\"\" data-id=\"7799404034961895\">\n<p>&nbsp;<\/p>\n<p>\u201eZ \u017calem zawiadamiamy, \u017ce podczas treningu przed Mi\u0119dzynarodowymi Pokazami Lotniczymi AirShow Radom 2025 dosz\u0142o do wypadku z udzia\u0142em F-16 nale\u017c\u0105cego do 31 Bazy Lotnictwa Taktycznego. Pilot poni\u00f3s\u0142 \u015bmier\u0107. Nikt z os\u00f3b postronnych nie odni\u00f3s\u0142 obra\u017ce\u0144. Na miejscu od razu rozpocz\u0119to akcj\u0119 ratunkow\u0105\u201d<\/p>\n<p>\u2014 poinformowa\u0142o Dow\u00f3dztwo Generalne Rodzaj\u00f3w Si\u0142 Zbrojnych.<\/p>\n<p>Nagranie katastrofy wida\u0107 na filmie poni\u017cej:<\/p>\n<\/div>\n<div class=\"pulsembed_embed\" data-height-origin-hint=\"\" data-author-name=\"Remiza.pl\" data-embed-id=\"nvvO8DrhA\" data-provider-name=\"Twitter\" data-extra-embed-params=\"%7B%7D\" data-embed-img=\"\" data-id=\"7799404034961895\"><\/div>\n<\/div>\n<\/div>\n<\/div>\n<p>Maszyna wykonywa\u0142a w powietrzu tzw. beczk\u0119, czyli pe\u0142en obr\u00f3t wok\u00f3\u0142 osi pod\u0142u\u017cnej. Wst\u0119pne ustalenia wskazuj\u0105, \u017ce przyczyn\u0105 tragedii by\u0142o przeci\u0105gni\u0119cie samolotu na niewielkiej wysoko\u015bci, co doprowadzi\u0142o do utraty si\u0142y no\u015bnej.<\/p>\n<p>Na lotnisko uda\u0142 si\u0119 wicepremier i szef MON W\u0142adys\u0142aw Kosiniak-Kamysz: \u201eJestem na miejscu tego dramatu. W wypadku my\u015bliwca F-16 zgin\u0105\u0142 oficer Si\u0142 Powietrznych \u2013 \u017co\u0142nierz, kt\u00f3ry zawsze s\u0142u\u017cy\u0142 Ojczy\u017anie z odwag\u0105 i oddaniem. Cze\u015b\u0107 Jego pami\u0119ci. Rodzinie i bliskim sk\u0142adam wyrazy najszczerszego wsp\u00f3\u0142czucia. To bolesna strata dla Wojska Polskiego i ca\u0142ego lotnictwa wojskowego\u201d \u2014 napisa\u0142 w mediach spo\u0142eczno\u015bciowych.<\/p>\n<p>S\u0142owa wsparcia przekaza\u0142 te\u017c prezydent Karol Nawrocki: \u201eOtrzyma\u0142em wiadomo\u015b\u0107 o katastrofie samolotu F-16, w kt\u00f3rej zgin\u0105\u0142 pilot Wojska Polskiego. Rodzinie sk\u0142adam szczere kondolencje. Niech spoczywa w pokoju\u201d \u2014 o\u015bwiadczy\u0142.<\/p>\n<p>Pilot to: Mjr pil. Maciej \u201eSlab\u201d Krakowian by\u0142 pilotem pokazowym, dow\u00f3dc\u0105 zespo\u0142u F-16 Tiger Demo Team, a tak\u017ce instruktorem w 31 Bazie Lotnictwa Taktycznego w Poznaniu-Krzesinach.<br \/>\nUko\u0144czy\u0142 Og\u00f3lnokszta\u0142c\u0105ce Liceum Lotnicze w D\u0119blinie, a nast\u0119pnie rozpocz\u0105\u0142 nauk\u0119 w Akademii Si\u0142 Powietrznych USA w Colorado Springs (United States Air Force Academy). Odby\u0142 wiele kurs\u00f3w specjalistycznych i szkole\u0144, a tak\u017ce uczestniczy\u0142 w licznych manewrach i operacjach mi\u0119dzynarodowych.<\/p>\n<div class=\"EmbeddedApplication_wrapper__epUjo EmbeddedApplication_embedPlaceholder___f_CZ EmbeddedApplication_embedPlaceholderDesktop__E4Not EmbeddedApplication_rolled__shqa9 EmbeddedApplication_out__de78_\">\n<div class=\"EmbeddedApplication_container___KKhX\">\n<div class=\"EmbeddedApplication_content__IVKUy\">\n<div class=\"pulsembed_embed\" data-height-origin-hint=\"\" data-author-name=\"WCR%20Wroc%C5%82aw\" data-embed-id=\"zMYM3fXSy\" data-provider-name=\"Twitter\" data-extra-embed-params=\"%7B%7D\" data-embed-img=\"\" data-id=\"37246942641389147\"><\/div>\n<\/div>\n<\/div>\n<\/div>\n<p>Na swoim koncie mia\u0142 ponad 1400 godzin w powietrzu, z czego oko\u0142o 1200 na samolotach F-16. W Polskich Si\u0142ach Powietrznych pe\u0142ni\u0142 s\u0142u\u017cb\u0119 przez 17 lat.<br \/>\nZaledwie kilka tygodni temu zosta\u0142 uhonorowany presti\u017cowym wyr\u00f3\u017cnieniem \u201eAs the Crow Flies Trophy\u201d podczas Royal International Air Tattoo (RIAT) \u2013 najwi\u0119kszego na \u015bwiecie pokazu lotnictwa wojskowego.<\/p>\n","protected":false},"excerpt":{"rendered":"<p>&nbsp; \u201eZ \u017calem zawiadamiamy, \u017ce podczas treningu przed Mi\u0119dzynarodowymi Pokazami Lotniczymi AirShow Radom 2025 dosz\u0142o do wypadku z udzia\u0142em F-16 nale\u017c\u0105cego do 31 Bazy Lotnictwa&hellip;<\/p>\n","protected":false},"author":3,"featured_media":3545,"comment_status":"open","ping_status":"open","sticky":false,"template":"","format":"standard","meta":{"footnotes":""},"categories":[14,18],"tags":[],"class_list":["post-3544","post","type-post","status-publish","format-standard","has-post-thumbnail","hentry","category-polska","category-top-news"],"_links":{"self":[{"href":"https:\/\/radiopoloniawinnipeg.com\/index.php\/wp-json\/wp\/v2\/posts\/3544","targetHints":{"allow":["GET"]}}],"collection":[{"href":"https:\/\/radiopoloniawinnipeg.com\/index.php\/wp-json\/wp\/v2\/posts"}],"about":[{"href":"https:\/\/radiopoloniawinnipeg.com\/index.php\/wp-json\/wp\/v2\/types\/post"}],"author":[{"embeddable":true,"href":"https:\/\/radiopoloniawinnipeg.com\/index.php\/wp-json\/wp\/v2\/users\/3"}],"replies":[{"embeddable":true,"href":"https:\/\/radiopoloniawinnipeg.com\/index.php\/wp-json\/wp\/v2\/comments?post=3544"}],"version-history":[{"count":0,"href":"https:\/\/radiopoloniawinnipeg.com\/index.php\/wp-json\/wp\/v2\/posts\/3544\/revisions"}],"wp:featuredmedia":[{"embeddable":true,"href":"https:\/\/radiopoloniawinnipeg.com\/index.php\/wp-json\/wp\/v2\/media\/3545"}],"wp:attachment":[{"href":"https:\/\/radiopoloniawinnipeg.com\/index.php\/wp-json\/wp\/v2\/media?parent=3544"}],"wp:term":[{"taxonomy":"category","embeddable":true,"href":"https:\/\/radiopoloniawinnipeg.com\/index.php\/wp-json\/wp\/v2\/categories?post=3544"},{"taxonomy":"post_tag","embeddable":true,"href":"https:\/\/radiopoloniawinnipeg.com\/index.php\/wp-json\/wp\/v2\/tags?post=3544"}],"curies":[{"name":"wp","href":"https:\/\/api.w.org\/{rel}","templated":true}]}}