{"id":3568,"date":"2025-08-30T07:30:08","date_gmt":"2025-08-30T11:30:08","guid":{"rendered":"https:\/\/radiopoloniawinnipeg.com\/index.php\/2025\/08\/30\/15-obywateli-ukrainy-wydalonych-z-polski-zakaz-wjazdu-nawet-na-10-lat\/"},"modified":"2025-08-30T07:30:08","modified_gmt":"2025-08-30T11:30:08","slug":"15-obywateli-ukrainy-wydalonych-z-polski-zakaz-wjazdu-nawet-na-10-lat","status":"publish","type":"post","link":"https:\/\/radiopoloniawinnipeg.com\/index.php\/2025\/08\/30\/15-obywateli-ukrainy-wydalonych-z-polski-zakaz-wjazdu-nawet-na-10-lat\/","title":{"rendered":"15 obywateli Ukrainy wydalonych z Polski. Zakaz wjazdu nawet na 10 lat"},"content":{"rendered":"<p><img decoding=\"async\" loading=\"lazy\" class=\"aligncenter size-custom-full-size wp-image-221926\" src=\"https:\/\/bejsment.com\/wp-content\/uploads\/2025\/08\/aastrazgran-636x358.jpg\" alt=\"\" width=\"636\" height=\"358\" \/><\/p>\n<p><strong>Stra\u017c Graniczna poinformowa\u0142a o wydaleniu z Polski 15 obywateli Ukrainy, kt\u00f3rzy \u2013 jak podkre\u015blono \u2013 stanowili zagro\u017cenie dla bezpiecze\u0144stwa i porz\u0105dku publicznego. Wszyscy byli wcze\u015bniej wielokrotnie karani za r\u00f3\u017cne przest\u0119pstwa, a jeden z nich figurowa\u0142 ju\u017c na li\u015bcie os\u00f3b, kt\u00f3rych pobyt w RP uznano za niepo\u017c\u0105dany.<\/strong><\/p>\n<p>Ukrai\u0144cy zostali przymusowo doprowadzeni do granicy i przekazani tamtejszym s\u0142u\u017cbom. Wed\u0142ug komunikatu MSWiA byli skazywani m.in. za posiadanie narkotyk\u00f3w, kradzie\u017ce, rozboje, fa\u0142szerstwa, jazd\u0119 pod wp\u0142ywem alkoholu czy organizowanie nielegalnego transportu przez granic\u0119.<\/p>\n<p>Wszyscy deportowani trafili teraz do rejestru os\u00f3b obj\u0119tych zakazem wjazdu do Polski na okres od 5 do 10 lat. \u2013 Polska pozostaje krajem przyjaznym i otwartym, ale nie b\u0119dzie tolerowa\u0107 \u0142amania prawa. S\u0142u\u017cby MSWiA b\u0119d\u0105 stanowczo reagowa\u0107 na ka\u017cde naruszenie porz\u0105dku prawnego \u2013 podkre\u015bli\u0142a rzeczniczka resortu Karolina Ga\u0142ecka.<\/p>\n<p>Tylko od pocz\u0105tku 2025 roku z Polski wydalono ju\u017c ponad 1,1 tys. cudzoziemc\u00f3w. Decyzje o deportacjach podejmowane s\u0105 na podstawie art. 302 ustawy o cudzoziemcach, kt\u00f3ry przewiduje wydalenie ze wzgl\u0119d\u00f3w bezpiecze\u0144stwa pa\u0144stwa lub ochrony porz\u0105dku publicznego.<\/p>\n<p style=\"text-align: right\"><em>Na podst. Polsat News<\/em><\/p>\n","protected":false},"excerpt":{"rendered":"<p>Stra\u017c Graniczna poinformowa\u0142a o wydaleniu z Polski 15 obywateli Ukrainy, kt\u00f3rzy \u2013 jak podkre\u015blono \u2013 stanowili zagro\u017cenie dla bezpiecze\u0144stwa i porz\u0105dku publicznego. Wszyscy byli wcze\u015bniej&hellip;<\/p>\n","protected":false},"author":3,"featured_media":3569,"comment_status":"open","ping_status":"open","sticky":false,"template":"","format":"standard","meta":{"footnotes":""},"categories":[14,18],"tags":[],"class_list":["post-3568","post","type-post","status-publish","format-standard","has-post-thumbnail","hentry","category-polska","category-top-news"],"_links":{"self":[{"href":"https:\/\/radiopoloniawinnipeg.com\/index.php\/wp-json\/wp\/v2\/posts\/3568","targetHints":{"allow":["GET"]}}],"collection":[{"href":"https:\/\/radiopoloniawinnipeg.com\/index.php\/wp-json\/wp\/v2\/posts"}],"about":[{"href":"https:\/\/radiopoloniawinnipeg.com\/index.php\/wp-json\/wp\/v2\/types\/post"}],"author":[{"embeddable":true,"href":"https:\/\/radiopoloniawinnipeg.com\/index.php\/wp-json\/wp\/v2\/users\/3"}],"replies":[{"embeddable":true,"href":"https:\/\/radiopoloniawinnipeg.com\/index.php\/wp-json\/wp\/v2\/comments?post=3568"}],"version-history":[{"count":0,"href":"https:\/\/radiopoloniawinnipeg.com\/index.php\/wp-json\/wp\/v2\/posts\/3568\/revisions"}],"wp:featuredmedia":[{"embeddable":true,"href":"https:\/\/radiopoloniawinnipeg.com\/index.php\/wp-json\/wp\/v2\/media\/3569"}],"wp:attachment":[{"href":"https:\/\/radiopoloniawinnipeg.com\/index.php\/wp-json\/wp\/v2\/media?parent=3568"}],"wp:term":[{"taxonomy":"category","embeddable":true,"href":"https:\/\/radiopoloniawinnipeg.com\/index.php\/wp-json\/wp\/v2\/categories?post=3568"},{"taxonomy":"post_tag","embeddable":true,"href":"https:\/\/radiopoloniawinnipeg.com\/index.php\/wp-json\/wp\/v2\/tags?post=3568"}],"curies":[{"name":"wp","href":"https:\/\/api.w.org\/{rel}","templated":true}]}}