{"id":3570,"date":"2025-08-30T08:30:07","date_gmt":"2025-08-30T12:30:07","guid":{"rendered":"https:\/\/radiopoloniawinnipeg.com\/index.php\/2025\/08\/30\/wiekszosc-cel-trumpa-jest-nielegalna-przelomowe-orzeczenie-sadu-w-waszyngtonie\/"},"modified":"2025-08-30T08:30:07","modified_gmt":"2025-08-30T12:30:07","slug":"wiekszosc-cel-trumpa-jest-nielegalna-przelomowe-orzeczenie-sadu-w-waszyngtonie","status":"publish","type":"post","link":"https:\/\/radiopoloniawinnipeg.com\/index.php\/2025\/08\/30\/wiekszosc-cel-trumpa-jest-nielegalna-przelomowe-orzeczenie-sadu-w-waszyngtonie\/","title":{"rendered":"Wi\u0119kszo\u015b\u0107 ce\u0142 Trumpa jest nielegalna. Prze\u0142omowe orzeczenie s\u0105du w Waszyngtonie"},"content":{"rendered":"<div id=\"attachment_221930\" style=\"width: 646px\" class=\"wp-caption aligncenter\"><img decoding=\"async\" loading=\"lazy\" aria-describedby=\"caption-attachment-221930\" class=\"size-custom-full-size wp-image-221930\" src=\"https:\/\/bejsment.com\/wp-content\/uploads\/2025\/08\/aatrump-636x358.jpg\" alt=\"\" width=\"636\" height=\"358\" \/><\/p>\n<p id=\"caption-attachment-221930\" class=\"wp-caption-text\">Donald Trump wyrazi\u0142 oburzenie decyzj\u0105 s\u0105du.<\/p>\n<\/div>\n<p><strong>S\u0105d apelacyjny w Waszyngtonie orzek\u0142 w pi\u0105tek, \u017ce wi\u0119kszo\u015b\u0107 ce\u0142 wprowadzonych przez administracj\u0119 Donalda Trumpa by\u0142a nielegalna. Decyzja dotyczy tzw. ce\u0142 \u201ewzajemnych\u201d, wprowadzonych w kwietniu, oraz taryf na towary z Chin, Meksyku i Kanady. Wyj\u0105tkiem pozostaj\u0105 c\u0142a na stal i aluminium.<\/strong><\/p>\n<p>Orzeczenie zapad\u0142o stosunkiem g\u0142os\u00f3w 7:4. Zdaniem wi\u0119kszo\u015bci s\u0119dzi\u00f3w Trump przekroczy\u0142 swoje kompetencje, powo\u0142uj\u0105c si\u0119 na ustaw\u0119 o mi\u0119dzynarodowych uprawnieniach gospodarczych prezydenta z lat 70. XX wieku. Ustawa ta nie daje bowiem prawa do nak\u0142adania podatk\u00f3w ani taryf handlowych.<\/p>\n<p>Prezydent broni\u0142 swojej polityki celnej, twierdz\u0105c, \u017ce stawki \u2013 od 15 proc. na towary z UE do 50 proc. na import z Indii \u2013 by\u0142y konieczne, by \u201eprzywr\u00f3ci\u0107 r\u00f3wnowag\u0119 w globalnym handlu\u201d. Ekonomi\u015bci ostrzegaj\u0105 jednak, \u017ce taka strategia mog\u0142a zaszkodzi\u0107 ameryka\u0144skim firmom i konsumentom, prowadz\u0105c do wy\u017cszych cen i inflacji.<\/p>\n<p>S\u0105d odroczy\u0142 wykonanie decyzji do po\u0142owy pa\u017adziernika, by administracja mog\u0142a odwo\u0142a\u0107 si\u0119 do S\u0105du Najwy\u017cszego. Bia\u0142y Dom zapowiedzia\u0142, \u017ce liczy na uchylenie wyroku.<\/p>\n<p>Trump ostro skomentowa\u0142 decyzj\u0119 na platformie Truth Social, nazywaj\u0105c j\u0105 \u201ezagro\u017ceniem dla fundament\u00f3w ameryka\u0144skiej gospodarki\u201d. S\u0119dziom zarzuci\u0142 \u201enienawi\u015b\u0107 do Ameryki i do Trumpa\u201d, a krytyk\u0119 skierowa\u0142 tak\u017ce wobec Federalist Society, organizacji, kt\u00f3rej zawdzi\u0119cza\u0142 cz\u0119\u015b\u0107 nominacji s\u0119dziowskich.<\/p>\n<p style=\"text-align: right\"><em>Na podst. AP<\/em><\/p>\n","protected":false},"excerpt":{"rendered":"<p>Donald Trump wyrazi\u0142 oburzenie decyzj\u0105 s\u0105du. S\u0105d apelacyjny w Waszyngtonie orzek\u0142 w pi\u0105tek, \u017ce wi\u0119kszo\u015b\u0107 ce\u0142 wprowadzonych przez administracj\u0119 Donalda Trumpa by\u0142a nielegalna. Decyzja dotyczy&hellip;<\/p>\n","protected":false},"author":3,"featured_media":3571,"comment_status":"open","ping_status":"open","sticky":false,"template":"","format":"standard","meta":{"footnotes":""},"categories":[15,18],"tags":[],"class_list":["post-3570","post","type-post","status-publish","format-standard","has-post-thumbnail","hentry","category-swiat","category-top-news"],"_links":{"self":[{"href":"https:\/\/radiopoloniawinnipeg.com\/index.php\/wp-json\/wp\/v2\/posts\/3570","targetHints":{"allow":["GET"]}}],"collection":[{"href":"https:\/\/radiopoloniawinnipeg.com\/index.php\/wp-json\/wp\/v2\/posts"}],"about":[{"href":"https:\/\/radiopoloniawinnipeg.com\/index.php\/wp-json\/wp\/v2\/types\/post"}],"author":[{"embeddable":true,"href":"https:\/\/radiopoloniawinnipeg.com\/index.php\/wp-json\/wp\/v2\/users\/3"}],"replies":[{"embeddable":true,"href":"https:\/\/radiopoloniawinnipeg.com\/index.php\/wp-json\/wp\/v2\/comments?post=3570"}],"version-history":[{"count":0,"href":"https:\/\/radiopoloniawinnipeg.com\/index.php\/wp-json\/wp\/v2\/posts\/3570\/revisions"}],"wp:featuredmedia":[{"embeddable":true,"href":"https:\/\/radiopoloniawinnipeg.com\/index.php\/wp-json\/wp\/v2\/media\/3571"}],"wp:attachment":[{"href":"https:\/\/radiopoloniawinnipeg.com\/index.php\/wp-json\/wp\/v2\/media?parent=3570"}],"wp:term":[{"taxonomy":"category","embeddable":true,"href":"https:\/\/radiopoloniawinnipeg.com\/index.php\/wp-json\/wp\/v2\/categories?post=3570"},{"taxonomy":"post_tag","embeddable":true,"href":"https:\/\/radiopoloniawinnipeg.com\/index.php\/wp-json\/wp\/v2\/tags?post=3570"}],"curies":[{"name":"wp","href":"https:\/\/api.w.org\/{rel}","templated":true}]}}