{"id":3572,"date":"2025-08-30T10:30:07","date_gmt":"2025-08-30T14:30:07","guid":{"rendered":"https:\/\/radiopoloniawinnipeg.com\/index.php\/2025\/08\/30\/katastrofa-f-16-w-radomiu-klotnia-pilota-z-wieza-kontroli-lotow\/"},"modified":"2025-08-30T10:30:07","modified_gmt":"2025-08-30T14:30:07","slug":"katastrofa-f-16-w-radomiu-klotnia-pilota-z-wieza-kontroli-lotow","status":"publish","type":"post","link":"https:\/\/radiopoloniawinnipeg.com\/index.php\/2025\/08\/30\/katastrofa-f-16-w-radomiu-klotnia-pilota-z-wieza-kontroli-lotow\/","title":{"rendered":"Katastrofa F-16 w Radomiu. K\u0142\u00f3tnia pilota z wie\u017c\u0105 kontroli lot\u00f3w"},"content":{"rendered":"<p><img decoding=\"async\" loading=\"lazy\" class=\"aligncenter size-custom-full-size wp-image-221922\" src=\"https:\/\/bejsment.com\/wp-content\/uploads\/2025\/08\/aabazakotnictwa-636x358.jpg\" alt=\"\" width=\"636\" height=\"358\" \/><\/p>\n<p><strong>Nowe ustalenia Polsat News rzucaj\u0105 cie\u0144 na okoliczno\u015bci tragedii w Radomiu. Tu\u017c przed katastrof\u0105 F-16, w kt\u00f3rej zgin\u0105\u0142 major Maciej \u201eSlab\u201d Krakowian, mia\u0142o doj\u015b\u0107 do spi\u0119cia mi\u0119dzy pilotem a wie\u017c\u0105 kontroli lot\u00f3w. Z nagra\u0144 radiowych wynika, \u017ce kontroler pomyli\u0142 dwie maszyny i przekazywa\u0142 b\u0142\u0119dne informacje \u2013 my\u015bliwiec Krakowiana znalaz\u0142 si\u0119 niebezpiecznie blisko samolotu FA-50.<\/strong><\/p>\n<p>O ujawnienie pe\u0142nej korespondencji apelowa\u0142 dziennikarz Polsat News Micha\u0142 Stela. Prokuratura Okr\u0119gowa w Warszawie prowadzi \u015bledztwo w kierunku spowodowania katastrofy w ruchu lotniczym ze skutkiem \u015bmiertelnym.<\/p>\n<p>\u2013 Badamy w\u0105tek techniczny, czynnik ludzki oraz kwestie logistyczno-serwisowe \u2013 poinformowa\u0142 rzecznik prokuratury Piotr Antoni Skiba. Podkre\u015bli\u0142, \u017ce wszystkie rozmowy pilota z obs\u0142ug\u0105 naziemn\u0105 zosta\u0142y zarejestrowane i b\u0119d\u0105 szczeg\u00f3\u0142owo analizowane.<\/p>\n<p>Do tragedii dosz\u0142o w czwartek oko\u0142o godziny 19:30, podczas pr\u00f3b zespo\u0142u Tiger Demo Team Poland przed Mi\u0119dzynarodowym Pokazem Lotniczym Air Show 2025. F-16, wykonuj\u0105c manewr p\u0119tli, nie zdo\u0142a\u0142 wyr\u00f3wna\u0107 lotu i uderzy\u0142 w ziemi\u0119. Maszyna stan\u0119\u0142a w p\u0142omieniach, a pilot \u2013 do\u015bwiadczony oficer 31. Bazy Lotnictwa Taktycznego \u2013 nie katapultowa\u0142 si\u0119 i zgin\u0105\u0142 na miejscu.<\/p>\n<p style=\"text-align: right\"><em>Na podst. Polsat News<\/em><\/p>\n","protected":false},"excerpt":{"rendered":"<p>Nowe ustalenia Polsat News rzucaj\u0105 cie\u0144 na okoliczno\u015bci tragedii w Radomiu. Tu\u017c przed katastrof\u0105 F-16, w kt\u00f3rej zgin\u0105\u0142 major Maciej \u201eSlab\u201d Krakowian, mia\u0142o doj\u015b\u0107 do&hellip;<\/p>\n","protected":false},"author":3,"featured_media":3573,"comment_status":"open","ping_status":"open","sticky":false,"template":"","format":"standard","meta":{"footnotes":""},"categories":[14,18],"tags":[],"class_list":["post-3572","post","type-post","status-publish","format-standard","has-post-thumbnail","hentry","category-polska","category-top-news"],"_links":{"self":[{"href":"https:\/\/radiopoloniawinnipeg.com\/index.php\/wp-json\/wp\/v2\/posts\/3572","targetHints":{"allow":["GET"]}}],"collection":[{"href":"https:\/\/radiopoloniawinnipeg.com\/index.php\/wp-json\/wp\/v2\/posts"}],"about":[{"href":"https:\/\/radiopoloniawinnipeg.com\/index.php\/wp-json\/wp\/v2\/types\/post"}],"author":[{"embeddable":true,"href":"https:\/\/radiopoloniawinnipeg.com\/index.php\/wp-json\/wp\/v2\/users\/3"}],"replies":[{"embeddable":true,"href":"https:\/\/radiopoloniawinnipeg.com\/index.php\/wp-json\/wp\/v2\/comments?post=3572"}],"version-history":[{"count":0,"href":"https:\/\/radiopoloniawinnipeg.com\/index.php\/wp-json\/wp\/v2\/posts\/3572\/revisions"}],"wp:featuredmedia":[{"embeddable":true,"href":"https:\/\/radiopoloniawinnipeg.com\/index.php\/wp-json\/wp\/v2\/media\/3573"}],"wp:attachment":[{"href":"https:\/\/radiopoloniawinnipeg.com\/index.php\/wp-json\/wp\/v2\/media?parent=3572"}],"wp:term":[{"taxonomy":"category","embeddable":true,"href":"https:\/\/radiopoloniawinnipeg.com\/index.php\/wp-json\/wp\/v2\/categories?post=3572"},{"taxonomy":"post_tag","embeddable":true,"href":"https:\/\/radiopoloniawinnipeg.com\/index.php\/wp-json\/wp\/v2\/tags?post=3572"}],"curies":[{"name":"wp","href":"https:\/\/api.w.org\/{rel}","templated":true}]}}