{"id":3578,"date":"2025-08-30T18:30:07","date_gmt":"2025-08-30T22:30:07","guid":{"rendered":"https:\/\/radiopoloniawinnipeg.com\/index.php\/2025\/08\/30\/awantura-o-wytyczne-dla-prezydenta-nawrockiego-przed-wizyta-w-usa\/"},"modified":"2025-08-30T18:30:07","modified_gmt":"2025-08-30T22:30:07","slug":"awantura-o-wytyczne-dla-prezydenta-nawrockiego-przed-wizyta-w-usa","status":"publish","type":"post","link":"https:\/\/radiopoloniawinnipeg.com\/index.php\/2025\/08\/30\/awantura-o-wytyczne-dla-prezydenta-nawrockiego-przed-wizyta-w-usa\/","title":{"rendered":"Awantura o \u201ewytyczne\u201d dla prezydenta Nawrockiego przed wizyt\u0105 w USA"},"content":{"rendered":"<div id=\"attachment_221936\" style=\"width: 646px\" class=\"wp-caption aligncenter\"><img decoding=\"async\" loading=\"lazy\" aria-describedby=\"caption-attachment-221936\" class=\"size-custom-full-size wp-image-221936\" src=\"https:\/\/bejsment.com\/wp-content\/uploads\/2025\/08\/aasikorski-636x350.jpg\" alt=\"\" width=\"636\" height=\"350\" \/><\/p>\n<p id=\"caption-attachment-221936\" class=\"wp-caption-text\">Minister Spraw Zagranicznych Rados\u0142aw Sikorski.<\/p>\n<\/div>\n<p><strong>Prezydent Karol Nawrocki otrzyma\u0142 z MSZ dokument zawieraj\u0105cy wskaz\u00f3wki przed spotkaniem z Donaldem Trumpem w Bia\u0142ym Domu. Instrukcje wywo\u0142a\u0142y burz\u0119 \u2013 rzecznik prezydenta Rafa\u0142 Le\u015bkiewicz okre\u015bli\u0142 je jako \u201e\u017cenuj\u0105ce\u201d i \u201enadaj\u0105ce si\u0119 do potraktowania jako \u017cart\u201d.<\/strong><\/p>\n<p>Minister spraw zagranicznych Rados\u0142aw Sikorski poinformowa\u0142, \u017ce Rada Ministr\u00f3w przyj\u0119\u0142a stanowisko okre\u015blaj\u0105ce, co prezydent powinien, a czego nie powinien m\u00f3wi\u0107 w USA. Dokument liczy\u0142 jednak zaledwie jedn\u0105 stron\u0119 A4 i \u2013 zdaniem Le\u015bkiewicza \u2013 nie zawiera\u0142 \u017cadnych konkretnych wskaz\u00f3wek poza og\u00f3lnym stwierdzeniem, \u017ce prezydent \u201epowinien zadba\u0107 o interes Polski\u201d.<\/p>\n<p>Podobn\u0105 opini\u0119 wyrazi\u0142 szef prezydenckiego Biura Polityki Mi\u0119dzynarodowej Marcin Przydacz, kt\u00f3ry uzna\u0142, \u017ce \u201ep\u00f3\u0142torej strony A4 na ca\u0142odniow\u0105 wizyt\u0119 w Waszyngtonie\u201d dowodzi braku powa\u017cnego przygotowania ze strony MSZ.<\/p>\n<p>Dziennikarz Robert Mazurek ujawni\u0142 w Kanale Zero tre\u015b\u0107 tego \u017cenuj\u0105cego swoim poziomem dokumentu, w kt\u00f3rym znalaz\u0142y si\u0119 m.in. zalecenia, by unika\u0107 dra\u017cliwych temat\u00f3w, takich jak planowany przez Polsk\u0119 podatek cyfrowy czy regulacje wobec medi\u00f3w spo\u0142eczno\u015bciowych. Szczeg\u00f3lnie podatek budzi napi\u0119cia, poniewa\u017c Donald Trump ostrzeg\u0142, \u017ce kraje wprowadzaj\u0105ce takie rozwi\u0105zania mog\u0105 zosta\u0107 ob\u0142o\u017cone dodatkowymi ameryka\u0144skimi c\u0142ami.<\/p>\n<p>W MSZ urz\u0119dnicy broni\u0105c si\u0119 postawili na atak. Pojawi\u0142o si\u0119 oburzenie z powodu przecieku. \u2013 Tego typu dokument\u00f3w si\u0119 nie ujawnia. To uderza w samego prezydenta \u2013 komentowa\u0142o \u017ar\u00f3d\u0142o rz\u0105dowe. Wed\u0142ug rozm\u00f3wc\u00f3w WP, wyciek m\u00f3g\u0142 by\u0107 pr\u00f3b\u0105 kompromitacji Nawrockiego lub \u201eprzypodobania si\u0119 ameryka\u0144skiej administracji kosztem polskiego interesu\u201d.<\/p>\n<p>Resort dyplomacji odpiera zarzuty ze strony otoczenia prezydenta. \u2013 Twierdzenia, \u017ce przygotowano jedynie kartk\u0119 A4, to k\u0142amstwo i manipulacja. Wsp\u00f3\u0142praca mi\u0119dzy rz\u0105dem a prezydentem w sprawie wizyty si\u0119 odbywa \u2013 podkre\u015bli\u0142o \u017ar\u00f3d\u0142o w MSZ.<\/p>\n<p>Spotkanie Karola Nawrockiego z Donaldem Trumpem w Waszyngtonie zaplanowano na 3 wrze\u015bnia.<\/p>\n<p style=\"text-align: right\"><em>Na podst. i.Pl, Kana\u0142 Zero, WP<\/em><\/p>\n","protected":false},"excerpt":{"rendered":"<p>Minister Spraw Zagranicznych Rados\u0142aw Sikorski. Prezydent Karol Nawrocki otrzyma\u0142 z MSZ dokument zawieraj\u0105cy wskaz\u00f3wki przed spotkaniem z Donaldem Trumpem w Bia\u0142ym Domu. Instrukcje wywo\u0142a\u0142y burz\u0119&hellip;<\/p>\n","protected":false},"author":3,"featured_media":3579,"comment_status":"open","ping_status":"open","sticky":false,"template":"","format":"standard","meta":{"footnotes":""},"categories":[14,18],"tags":[],"class_list":["post-3578","post","type-post","status-publish","format-standard","has-post-thumbnail","hentry","category-polska","category-top-news"],"_links":{"self":[{"href":"https:\/\/radiopoloniawinnipeg.com\/index.php\/wp-json\/wp\/v2\/posts\/3578","targetHints":{"allow":["GET"]}}],"collection":[{"href":"https:\/\/radiopoloniawinnipeg.com\/index.php\/wp-json\/wp\/v2\/posts"}],"about":[{"href":"https:\/\/radiopoloniawinnipeg.com\/index.php\/wp-json\/wp\/v2\/types\/post"}],"author":[{"embeddable":true,"href":"https:\/\/radiopoloniawinnipeg.com\/index.php\/wp-json\/wp\/v2\/users\/3"}],"replies":[{"embeddable":true,"href":"https:\/\/radiopoloniawinnipeg.com\/index.php\/wp-json\/wp\/v2\/comments?post=3578"}],"version-history":[{"count":0,"href":"https:\/\/radiopoloniawinnipeg.com\/index.php\/wp-json\/wp\/v2\/posts\/3578\/revisions"}],"wp:featuredmedia":[{"embeddable":true,"href":"https:\/\/radiopoloniawinnipeg.com\/index.php\/wp-json\/wp\/v2\/media\/3579"}],"wp:attachment":[{"href":"https:\/\/radiopoloniawinnipeg.com\/index.php\/wp-json\/wp\/v2\/media?parent=3578"}],"wp:term":[{"taxonomy":"category","embeddable":true,"href":"https:\/\/radiopoloniawinnipeg.com\/index.php\/wp-json\/wp\/v2\/categories?post=3578"},{"taxonomy":"post_tag","embeddable":true,"href":"https:\/\/radiopoloniawinnipeg.com\/index.php\/wp-json\/wp\/v2\/tags?post=3578"}],"curies":[{"name":"wp","href":"https:\/\/api.w.org\/{rel}","templated":true}]}}