{"id":3584,"date":"2025-08-31T07:30:07","date_gmt":"2025-08-31T11:30:07","guid":{"rendered":"https:\/\/radiopoloniawinnipeg.com\/index.php\/2025\/08\/31\/tusk-i-von-der-leyen-na-granicy-z-bialorusia\/"},"modified":"2025-08-31T07:30:07","modified_gmt":"2025-08-31T11:30:07","slug":"tusk-i-von-der-leyen-na-granicy-z-bialorusia","status":"publish","type":"post","link":"https:\/\/radiopoloniawinnipeg.com\/index.php\/2025\/08\/31\/tusk-i-von-der-leyen-na-granicy-z-bialorusia\/","title":{"rendered":"Tusk i Von der Leyen na granicy z Bia\u0142orusi\u0105"},"content":{"rendered":"<p><img decoding=\"async\" loading=\"lazy\" class=\"aligncenter size-custom-full-size wp-image-221994\" src=\"https:\/\/bejsment.com\/wp-content\/uploads\/2025\/08\/aanagranicy-636x478.jpg\" alt=\"\" width=\"636\" height=\"478\" \/><\/p>\n<p><strong>Premier Donald Tusk i przewodnicz\u0105ca Komisji Europejskiej Ursula von der Leyen odwiedzili w niedziel\u0119 Krynki na Podlasiu, gdzie znajduje si\u0119 polsko-bia\u0142oruska granica. Podczas wsp\u00f3lnego wyst\u0105pienia szef rz\u0105du nawi\u0105za\u0142 do 45. rocznicy podpisania Porozumie\u0144 Sierpniowych, podkre\u015blaj\u0105c, \u017ce podobnie jak wtedy, Polska ponosi dzi\u015b odpowiedzialno\u015b\u0107 za bezpiecze\u0144stwo i wolno\u015b\u0107 Europy.<\/strong><\/p>\n<p>\u2013 Dzisiaj mamy wa\u017cny dzie\u0144. 45 lat temu w Gda\u0144sku narodzi\u0142a si\u0119 Solidarno\u015b\u0107. To dla mnie najwa\u017cniejsze do\u015bwiadczenie w \u017cyciu \u2013 m\u00f3wi\u0142 Tusk. \u2013 Dzi\u015b jeste\u015bmy tu, przy barierze chroni\u0105cej Polsk\u0119 i Europ\u0119 przed wojn\u0105 hybrydow\u0105 prowadzon\u0105 przez Bia\u0142oru\u015b i Rosj\u0119, przed nielegaln\u0105 migracj\u0105.<\/p>\n<p>Premier poinformowa\u0142, \u017ce rozmowy dotyczy\u0142y tak\u017ce budowy Tarczy Wsch\u00f3d, kt\u00f3ra ma zabezpiecza\u0107 granice UE przed ewentualn\u0105 agresj\u0105 Rosji.<\/p>\n<p>\u2013 Tak jak 45 lat temu, tak i dzi\u015b Polska i Polacy bior\u0105 na siebie to wielkie zadanie \u2013 utrzymanie bezpiecze\u0144stwa i niepodleg\u0142o\u015bci ca\u0142ego zachodniego \u015bwiata \u2013 powiedzia\u0142.<\/p>\n<p>Tusk wskaza\u0142, \u017ce granica przypomina o warto\u015bci wolno\u015bci, solidarno\u015bci i konsekwencjach zdrady. Zaapelowa\u0142 do instytucji i pa\u0144stw UE o \u201er\u00f3wnie powa\u017cne podej\u015bcie do kwestii bezpiecze\u0144stwa wschodniej granicy i tward\u0105 postaw\u0119 wobec agresora\u201d.<\/p>\n<p>Premier ujawni\u0142 r\u00f3wnie\u017c, \u017ce tu\u017c przed konferencj\u0105 s\u0142u\u017cby doradza\u0142y zmian\u0119 miejsca wyst\u0105pienia ze wzgl\u0119du na obecno\u015b\u0107 bia\u0142oruskich \u017co\u0142nierzy uzbrojonych w bro\u0144 d\u0142ug\u0105 po drugiej stronie zapory. Tusk, po konsultacji z von der Leyen, zdecydowa\u0142 jednak, \u017ce konferencja odb\u0119dzie si\u0119 zgodnie z planem.<\/p>\n<p>\u2013 Nie b\u0119dzie \u017cadnych ust\u0119pstw. Prze\u017cyli\u015bmy \u2013 podsumowa\u0142.<\/p>\n<p style=\"text-align: right\"><em>Na podst. i.Pl<\/em><\/p>\n","protected":false},"excerpt":{"rendered":"<p>Premier Donald Tusk i przewodnicz\u0105ca Komisji Europejskiej Ursula von der Leyen odwiedzili w niedziel\u0119 Krynki na Podlasiu, gdzie znajduje si\u0119 polsko-bia\u0142oruska granica. Podczas wsp\u00f3lnego wyst\u0105pienia&hellip;<\/p>\n","protected":false},"author":3,"featured_media":3585,"comment_status":"open","ping_status":"open","sticky":false,"template":"","format":"standard","meta":{"footnotes":""},"categories":[14,18],"tags":[],"class_list":["post-3584","post","type-post","status-publish","format-standard","has-post-thumbnail","hentry","category-polska","category-top-news"],"_links":{"self":[{"href":"https:\/\/radiopoloniawinnipeg.com\/index.php\/wp-json\/wp\/v2\/posts\/3584","targetHints":{"allow":["GET"]}}],"collection":[{"href":"https:\/\/radiopoloniawinnipeg.com\/index.php\/wp-json\/wp\/v2\/posts"}],"about":[{"href":"https:\/\/radiopoloniawinnipeg.com\/index.php\/wp-json\/wp\/v2\/types\/post"}],"author":[{"embeddable":true,"href":"https:\/\/radiopoloniawinnipeg.com\/index.php\/wp-json\/wp\/v2\/users\/3"}],"replies":[{"embeddable":true,"href":"https:\/\/radiopoloniawinnipeg.com\/index.php\/wp-json\/wp\/v2\/comments?post=3584"}],"version-history":[{"count":0,"href":"https:\/\/radiopoloniawinnipeg.com\/index.php\/wp-json\/wp\/v2\/posts\/3584\/revisions"}],"wp:featuredmedia":[{"embeddable":true,"href":"https:\/\/radiopoloniawinnipeg.com\/index.php\/wp-json\/wp\/v2\/media\/3585"}],"wp:attachment":[{"href":"https:\/\/radiopoloniawinnipeg.com\/index.php\/wp-json\/wp\/v2\/media?parent=3584"}],"wp:term":[{"taxonomy":"category","embeddable":true,"href":"https:\/\/radiopoloniawinnipeg.com\/index.php\/wp-json\/wp\/v2\/categories?post=3584"},{"taxonomy":"post_tag","embeddable":true,"href":"https:\/\/radiopoloniawinnipeg.com\/index.php\/wp-json\/wp\/v2\/tags?post=3584"}],"curies":[{"name":"wp","href":"https:\/\/api.w.org\/{rel}","templated":true}]}}