{"id":3596,"date":"2025-08-31T17:15:05","date_gmt":"2025-08-31T21:15:05","guid":{"rendered":"https:\/\/radiopoloniawinnipeg.com\/index.php\/2025\/08\/31\/ukraina-mierzy-sie-z-fala-dezercji-z-wojska\/"},"modified":"2025-08-31T17:15:05","modified_gmt":"2025-08-31T21:15:05","slug":"ukraina-mierzy-sie-z-fala-dezercji-z-wojska","status":"publish","type":"post","link":"https:\/\/radiopoloniawinnipeg.com\/index.php\/2025\/08\/31\/ukraina-mierzy-sie-z-fala-dezercji-z-wojska\/","title":{"rendered":"Ukraina mierzy si\u0119 z fal\u0105 dezercji z wojska"},"content":{"rendered":"<p><img decoding=\"async\" loading=\"lazy\" class=\"aligncenter size-custom-full-size wp-image-221736\" src=\"https:\/\/bejsment.com\/wp-content\/uploads\/2025\/08\/aadezercje-636x357.jpeg\" alt=\"\" width=\"636\" height=\"357\" \/><\/p>\n<p><strong>Prokuratura Generalna Ukrainy poinformowa\u0142a, \u017ce w ci\u0105gu siedmiu miesi\u0119cy 2025 roku wszcz\u0119to ponad 110 tysi\u0119cy post\u0119powa\u0144 dotycz\u0105cych bezprawnego porzucenia jednostki wojskowej. To znacz\u0105cy wzrost w por\u00f3wnaniu z poprzednimi latami.<\/strong><\/p>\n<p>Z danych wynika, \u017ce od pocz\u0105tku pe\u0142noskalowej inwazji Rosji w lutym 2022 roku zarejestrowano ju\u017c ponad 200 tysi\u0119cy spraw dotycz\u0105cych naruszenia art. 407 Kodeksu Karnego Ukrainy, kt\u00f3ry dotyczy samowolnego opuszczenia jednostki lub miejsca s\u0142u\u017cby. W 2022 roku takich post\u0119powa\u0144 by\u0142o 6 988, w 2023 roku \u2013 17 658, a w 2024 roku a\u017c 67 840. Od stycznia do lipca 2025 roku odnotowano rekordowe 110 511 przypadk\u00f3w.<\/p>\n<p>R\u00f3wnocze\u015bnie odnotowano ponad 50 tysi\u0119cy spraw zwi\u0105zanych z dezercj\u0105, czyli naruszeniem art. 408 Kodeksu Karnego. To pokazuje skal\u0119 problemu, z jakim mierz\u0105 si\u0119 ukrai\u0144skie si\u0142y zbrojne w obliczu d\u0142ugotrwa\u0142ej wojny.<\/p>\n<p>Jednocze\u015bnie w\u0142adze podkre\u015blaj\u0105, \u017ce funkcjonuj\u0105 mechanizmy umo\u017cliwiaj\u0105ce \u017co\u0142nierzom powr\u00f3t do armii. Wed\u0142ug Pa\u0144stwowego Biura \u015aledczego, tylko od ko\u0144ca listopada 2024 roku do pocz\u0105tku marca 2025 roku do s\u0142u\u017cby wr\u00f3ci\u0142o niemal 21 100 wojskowych. Z kolei dzi\u0119ki uproszczonej procedurze powrotu \u2013 wprowadzonej dla os\u00f3b, kt\u00f3re po raz pierwszy samowolnie opu\u015bci\u0142y jednostk\u0119 \u2013 w ci\u0105gu o\u015bmiu miesi\u0119cy do armii wr\u00f3ci\u0142o ponad 29 tysi\u0119cy \u017co\u0142nierzy.<\/p>\n<p style=\"text-align: right\"><em>Na podst. Polsat News<\/em><\/p>\n","protected":false},"excerpt":{"rendered":"<p>Prokuratura Generalna Ukrainy poinformowa\u0142a, \u017ce w ci\u0105gu siedmiu miesi\u0119cy 2025 roku wszcz\u0119to ponad 110 tysi\u0119cy post\u0119powa\u0144 dotycz\u0105cych bezprawnego porzucenia jednostki wojskowej. To znacz\u0105cy wzrost w&hellip;<\/p>\n","protected":false},"author":3,"featured_media":3597,"comment_status":"open","ping_status":"open","sticky":false,"template":"","format":"standard","meta":{"footnotes":""},"categories":[15,18],"tags":[],"class_list":["post-3596","post","type-post","status-publish","format-standard","has-post-thumbnail","hentry","category-swiat","category-top-news"],"_links":{"self":[{"href":"https:\/\/radiopoloniawinnipeg.com\/index.php\/wp-json\/wp\/v2\/posts\/3596","targetHints":{"allow":["GET"]}}],"collection":[{"href":"https:\/\/radiopoloniawinnipeg.com\/index.php\/wp-json\/wp\/v2\/posts"}],"about":[{"href":"https:\/\/radiopoloniawinnipeg.com\/index.php\/wp-json\/wp\/v2\/types\/post"}],"author":[{"embeddable":true,"href":"https:\/\/radiopoloniawinnipeg.com\/index.php\/wp-json\/wp\/v2\/users\/3"}],"replies":[{"embeddable":true,"href":"https:\/\/radiopoloniawinnipeg.com\/index.php\/wp-json\/wp\/v2\/comments?post=3596"}],"version-history":[{"count":0,"href":"https:\/\/radiopoloniawinnipeg.com\/index.php\/wp-json\/wp\/v2\/posts\/3596\/revisions"}],"wp:featuredmedia":[{"embeddable":true,"href":"https:\/\/radiopoloniawinnipeg.com\/index.php\/wp-json\/wp\/v2\/media\/3597"}],"wp:attachment":[{"href":"https:\/\/radiopoloniawinnipeg.com\/index.php\/wp-json\/wp\/v2\/media?parent=3596"}],"wp:term":[{"taxonomy":"category","embeddable":true,"href":"https:\/\/radiopoloniawinnipeg.com\/index.php\/wp-json\/wp\/v2\/categories?post=3596"},{"taxonomy":"post_tag","embeddable":true,"href":"https:\/\/radiopoloniawinnipeg.com\/index.php\/wp-json\/wp\/v2\/tags?post=3596"}],"curies":[{"name":"wp","href":"https:\/\/api.w.org\/{rel}","templated":true}]}}