{"id":3604,"date":"2025-09-01T07:30:06","date_gmt":"2025-09-01T11:30:06","guid":{"rendered":"https:\/\/radiopoloniawinnipeg.com\/index.php\/2025\/09\/01\/prezydent-nawrocki-na-obchodach-rocznicy-porozumien-sierpnia-1980\/"},"modified":"2025-09-01T07:30:06","modified_gmt":"2025-09-01T11:30:06","slug":"prezydent-nawrocki-na-obchodach-rocznicy-porozumien-sierpnia-1980","status":"publish","type":"post","link":"https:\/\/radiopoloniawinnipeg.com\/index.php\/2025\/09\/01\/prezydent-nawrocki-na-obchodach-rocznicy-porozumien-sierpnia-1980\/","title":{"rendered":"Prezydent Nawrocki na obchodach rocznicy porozumie\u0144 Sierpnia 1980"},"content":{"rendered":"<p><img decoding=\"async\" loading=\"lazy\" class=\"aligncenter size-custom-full-size wp-image-222049\" src=\"https:\/\/bejsment.com\/wp-content\/uploads\/2025\/09\/aakarolsierpien-636x358.jpg\" alt=\"\" width=\"636\" height=\"358\" \/><\/p>\n<p><strong>Prezydent Karol Nawrocki wzi\u0105\u0142 udzia\u0142 w uroczysto\u015bciach 45. rocznicy podpisania Porozumie\u0144 Sierpniowych. Obchody odby\u0142y si\u0119 w historycznej Sali BHP Stoczni Gda\u0144skiej, r\u00f3wnolegle do wydarze\u0144 organizowanych przez miasto i Europejskie Centrum Solidarno\u015bci.<\/strong><\/p>\n<p>Podczas swojego wyst\u0105pienia Nawrocki przypomnia\u0142 o bohaterach sierpnia 1980 roku i podkre\u015bli\u0142, \u017ce dzi\u0119ki ich odwadze narodzi\u0142a si\u0119 wolno\u015b\u0107, z kt\u00f3rej korzystaj\u0105 kolejne pokolenia.<\/p>\n<p>\u2013 Bohaterowie naszej wolno\u015bci, tak\u017ce mojej, cz\u0142owieka urodzonego w wolnej Polsce dzi\u0119ki wam \u2013 chc\u0119 wam za to podzi\u0119kowa\u0107 \u2013 m\u00f3wi\u0142 prezydent.<\/p>\n<p>Wspomnia\u0142 tak\u017ce o swojej pracy w IPN, kiedy przez cztery lata wr\u0119cza\u0142 Krzy\u017ce Wolno\u015bci i Solidarno\u015bci dzia\u0142aczom opozycji, o kt\u00f3rych pa\u0144stwo \u201ena wiele lat zapomnia\u0142o\u201d.<\/p>\n<p>\u2013 To o nich jest dzisiejsze \u015bwi\u0119to \u2013 podkre\u015bli\u0142.<\/p>\n<h3><strong>\u201eW teorii by\u0142 te\u017c Wa\u0142\u0119sa\u201d<\/strong><\/h3>\n<p>Podczas przem\u00f3wienia prezydent odni\u00f3s\u0142 si\u0119 r\u00f3wnie\u017c do roli Lecha Wa\u0142\u0119sy.<\/p>\n<p>\u2013 W teorii jest te\u017c przewodnicz\u0105cy Solidarno\u015bci Lech Wa\u0142\u0119sa, o kt\u00f3rym zapomina\u0107 nie mo\u017cemy, bo poddaliby\u015bmy si\u0119 historycznej amnezji. Ale nikt nie zabroni nam opisywa\u0107 rzetelnie i m\u00f3wi\u0107 prawdy o tym, kim by\u0142 Lech Wa\u0142\u0119sa \u2013 powiedzia\u0142, dzi\u0119kuj\u0105c historykowi S\u0142awomirowi Cenckiewiczowi.<\/p>\n<p>Cenckiewicz, obecnie szef Biura Bezpiecze\u0144stwa Narodowego, od lat ujawnia kontrowersyjne fakty dotycz\u0105ce Wa\u0142\u0119sy i jego zwi\u0105zk\u00f3w z aparatem PRL. W maju 2025 roku wygra\u0142 prawomocnie wieloletni proces s\u0105dowy z by\u0142ym prezydentem. \u2013 Prawda zwyci\u0119\u017cy\u0142a, k\u0142amstwo przegra\u0142o \u2013 pisa\u0142 w\u00f3wczas w mediach spo\u0142eczno\u015bciowych.<\/p>\n<h3><strong>\u201eSolidarno\u015b\u0107\u201d i lekcja odpowiedzialno\u015bci<\/strong><\/h3>\n<p>Nawrocki podkre\u015bli\u0142, \u017ce sierpniowe porozumienia pokazuj\u0105, i\u017c wolno\u015b\u0107 mo\u017ce by\u0107 oparta na warto\u015bciach i odpowiedzialno\u015bci. \u2013 Mo\u017cna by\u0107 stanowczym w wyra\u017caniu opinii, a jednocze\u015bnie otwartym na dialog. I tego uczy nas czas Solidarno\u015bci \u2013 zaznaczy\u0142.<\/p>\n<p>Jednocze\u015bnie przestrzega\u0142 przed \u201epogard\u0105 obcych\u201d i \u201ew\u0142asnym zw\u0105tpieniem\u201d, apeluj\u0105c o dum\u0119 z narodowego dziedzictwa.<\/p>\n<p>\u2013 Mamy Solidarno\u015b\u0107, Jana Paw\u0142a II i ponad tysi\u0105c lat historii. To wszystko nas zobowi\u0105zuje \u2013 m\u00f3wi\u0142.<\/p>\n<h3><strong>Symboliczne znaczenie sierpnia<\/strong><\/h3>\n<p>Prezydent uczestniczy\u0142 tak\u017ce w sobotnich obchodach w Szczecinie. Tam przypomina\u0142, \u017ce sierpie\u0144 to miesi\u0105c szczeg\u00f3lny w polskiej historii.<\/p>\n<p>\u2013 W\u0142adza, kt\u00f3ra odrywa si\u0119 od spo\u0142ecze\u0144stwa, skazana jest na pora\u017ck\u0119 \u2013 i tego dowiedli protestuj\u0105cy w sierpniu 1980 roku \u2013 podkre\u015bli\u0142.<\/p>\n<p>Porozumienia Sierpniowe, podpisane 31 sierpnia 1980 r. przez Lecha Wa\u0142\u0119s\u0119 i wicepremiera Mieczys\u0142awa Jagielskiego, doprowadzi\u0142y do powstania NSZZ \u201eSolidarno\u015b\u0107\u201d \u2013 pierwszego legalnego, niezale\u017cnego zwi\u0105zku zawodowego w bloku komunistycznym.<\/p>\n<p style=\"text-align: right\"><em>Na podst. Polsat News<\/em><\/p>\n","protected":false},"excerpt":{"rendered":"<p>Prezydent Karol Nawrocki wzi\u0105\u0142 udzia\u0142 w uroczysto\u015bciach 45. rocznicy podpisania Porozumie\u0144 Sierpniowych. Obchody odby\u0142y si\u0119 w historycznej Sali BHP Stoczni Gda\u0144skiej, r\u00f3wnolegle do wydarze\u0144 organizowanych&hellip;<\/p>\n","protected":false},"author":3,"featured_media":3605,"comment_status":"open","ping_status":"open","sticky":false,"template":"","format":"standard","meta":{"footnotes":""},"categories":[14,18],"tags":[],"class_list":["post-3604","post","type-post","status-publish","format-standard","has-post-thumbnail","hentry","category-polska","category-top-news"],"_links":{"self":[{"href":"https:\/\/radiopoloniawinnipeg.com\/index.php\/wp-json\/wp\/v2\/posts\/3604","targetHints":{"allow":["GET"]}}],"collection":[{"href":"https:\/\/radiopoloniawinnipeg.com\/index.php\/wp-json\/wp\/v2\/posts"}],"about":[{"href":"https:\/\/radiopoloniawinnipeg.com\/index.php\/wp-json\/wp\/v2\/types\/post"}],"author":[{"embeddable":true,"href":"https:\/\/radiopoloniawinnipeg.com\/index.php\/wp-json\/wp\/v2\/users\/3"}],"replies":[{"embeddable":true,"href":"https:\/\/radiopoloniawinnipeg.com\/index.php\/wp-json\/wp\/v2\/comments?post=3604"}],"version-history":[{"count":0,"href":"https:\/\/radiopoloniawinnipeg.com\/index.php\/wp-json\/wp\/v2\/posts\/3604\/revisions"}],"wp:featuredmedia":[{"embeddable":true,"href":"https:\/\/radiopoloniawinnipeg.com\/index.php\/wp-json\/wp\/v2\/media\/3605"}],"wp:attachment":[{"href":"https:\/\/radiopoloniawinnipeg.com\/index.php\/wp-json\/wp\/v2\/media?parent=3604"}],"wp:term":[{"taxonomy":"category","embeddable":true,"href":"https:\/\/radiopoloniawinnipeg.com\/index.php\/wp-json\/wp\/v2\/categories?post=3604"},{"taxonomy":"post_tag","embeddable":true,"href":"https:\/\/radiopoloniawinnipeg.com\/index.php\/wp-json\/wp\/v2\/tags?post=3604"}],"curies":[{"name":"wp","href":"https:\/\/api.w.org\/{rel}","templated":true}]}}