{"id":3608,"date":"2025-09-01T10:30:07","date_gmt":"2025-09-01T14:30:07","guid":{"rendered":"https:\/\/radiopoloniawinnipeg.com\/index.php\/2025\/09\/01\/siegnal-po-bron-i-zazadal-kebaba\/"},"modified":"2025-09-01T10:30:07","modified_gmt":"2025-09-01T14:30:07","slug":"siegnal-po-bron-i-zazadal-kebaba","status":"publish","type":"post","link":"https:\/\/radiopoloniawinnipeg.com\/index.php\/2025\/09\/01\/siegnal-po-bron-i-zazadal-kebaba\/","title":{"rendered":"Si\u0119gn\u0105\u0142 po bro\u0144 i za\u017c\u0105da\u0142\u2026 kebaba"},"content":{"rendered":"<p><img decoding=\"async\" loading=\"lazy\" class=\"aligncenter size-custom-full-size wp-image-222054\" src=\"https:\/\/bejsment.com\/wp-content\/uploads\/2025\/09\/aakebab-636x358.jpg\" alt=\"\" width=\"636\" height=\"358\" \/><\/p>\n<p><strong>Do 20 lat pozbawienia wolno\u015bci grozi 47-letniemu mieszka\u0144cowi Celestynowa, kt\u00f3ry \u2013 b\u0119d\u0105c pod wp\u0142ywem alkoholu \u2013 wtargn\u0105\u0142 do lokalu z kebabami i, gro\u017c\u0105c obs\u0142udze maczet\u0105 oraz przedmiotem przypominaj\u0105cym bro\u0144 paln\u0105, za\u017c\u0105da\u0142 posi\u0142ku.<\/strong><\/p>\n<p>Policja z Otwocka poinformowa\u0142a, \u017ce dramatyczne zg\u0142oszenie trafi\u0142o do dy\u017curnego w jeden z sierpniowych dni. Gdy funkcjonariusze dotarli na miejsce, napastnik zd\u0105\u017cy\u0142 si\u0119 oddali\u0107. \u015awiadkowie przekazali, \u017ce m\u0119\u017cczyzna grozi\u0142 personelowi i domaga\u0142 si\u0119 wydania kebaba.<\/p>\n<p>Mundurowi szybko ustalili jego to\u017csamo\u015b\u0107 i miejsce zamieszkania. Podczas zatrzymania znaleziono maczet\u0119 oraz atrap\u0119 pistoletu, z kt\u00f3rymi wtargn\u0105\u0142 do lokalu. Badanie wykaza\u0142o, \u017ce mia\u0142 1,5 promila alkoholu w wydychanym powietrzu.<\/p>\n<p>M\u0119\u017cczyzna us\u0142ysza\u0142 ju\u017c zarzut usi\u0142owania rozboju przy u\u017cyciu niebezpiecznego narz\u0119dzia. Na wniosek prokuratury S\u0105d Rejonowy w Otwocku zdecydowa\u0142 o jego trzymiesi\u0119cznym areszcie.<\/p>\n<p>\u2013 Sprawne i zdecydowane dzia\u0142anie policjant\u00f3w oraz doskona\u0142a wsp\u00f3\u0142praca pomi\u0119dzy policj\u0105 i prokuratur\u0105 doprowadzi\u0142y do natychmiastowego odizolowania przest\u0119pcy stwarzaj\u0105cego realne zagro\u017cenie dla spo\u0142ecze\u0144stwa \u2013 podkre\u015bli\u0142 podkom. Patryk Domarecki z otwockiej komendy.<\/p>\n<p style=\"text-align: right\"><em>Na podst. Polsat News<\/em><\/p>\n","protected":false},"excerpt":{"rendered":"<p>Do 20 lat pozbawienia wolno\u015bci grozi 47-letniemu mieszka\u0144cowi Celestynowa, kt\u00f3ry \u2013 b\u0119d\u0105c pod wp\u0142ywem alkoholu \u2013 wtargn\u0105\u0142 do lokalu z kebabami i, gro\u017c\u0105c obs\u0142udze maczet\u0105&hellip;<\/p>\n","protected":false},"author":3,"featured_media":3609,"comment_status":"open","ping_status":"open","sticky":false,"template":"","format":"standard","meta":{"footnotes":""},"categories":[14,18],"tags":[],"class_list":["post-3608","post","type-post","status-publish","format-standard","has-post-thumbnail","hentry","category-polska","category-top-news"],"_links":{"self":[{"href":"https:\/\/radiopoloniawinnipeg.com\/index.php\/wp-json\/wp\/v2\/posts\/3608","targetHints":{"allow":["GET"]}}],"collection":[{"href":"https:\/\/radiopoloniawinnipeg.com\/index.php\/wp-json\/wp\/v2\/posts"}],"about":[{"href":"https:\/\/radiopoloniawinnipeg.com\/index.php\/wp-json\/wp\/v2\/types\/post"}],"author":[{"embeddable":true,"href":"https:\/\/radiopoloniawinnipeg.com\/index.php\/wp-json\/wp\/v2\/users\/3"}],"replies":[{"embeddable":true,"href":"https:\/\/radiopoloniawinnipeg.com\/index.php\/wp-json\/wp\/v2\/comments?post=3608"}],"version-history":[{"count":0,"href":"https:\/\/radiopoloniawinnipeg.com\/index.php\/wp-json\/wp\/v2\/posts\/3608\/revisions"}],"wp:featuredmedia":[{"embeddable":true,"href":"https:\/\/radiopoloniawinnipeg.com\/index.php\/wp-json\/wp\/v2\/media\/3609"}],"wp:attachment":[{"href":"https:\/\/radiopoloniawinnipeg.com\/index.php\/wp-json\/wp\/v2\/media?parent=3608"}],"wp:term":[{"taxonomy":"category","embeddable":true,"href":"https:\/\/radiopoloniawinnipeg.com\/index.php\/wp-json\/wp\/v2\/categories?post=3608"},{"taxonomy":"post_tag","embeddable":true,"href":"https:\/\/radiopoloniawinnipeg.com\/index.php\/wp-json\/wp\/v2\/tags?post=3608"}],"curies":[{"name":"wp","href":"https:\/\/api.w.org\/{rel}","templated":true}]}}