{"id":3632,"date":"2025-09-02T18:15:07","date_gmt":"2025-09-02T22:15:07","guid":{"rendered":"https:\/\/radiopoloniawinnipeg.com\/index.php\/2025\/09\/02\/mlodziez-w-polsce-wypisuje-sie-z-edukacji-zdrowotnej\/"},"modified":"2025-09-02T18:15:07","modified_gmt":"2025-09-02T22:15:07","slug":"mlodziez-w-polsce-wypisuje-sie-z-edukacji-zdrowotnej","status":"publish","type":"post","link":"https:\/\/radiopoloniawinnipeg.com\/index.php\/2025\/09\/02\/mlodziez-w-polsce-wypisuje-sie-z-edukacji-zdrowotnej\/","title":{"rendered":"M\u0142odzie\u017c w Polsce wypisuje si\u0119 z edukacji zdrowotnej"},"content":{"rendered":"<div id=\"attachment_222150\" style=\"width: 646px\" class=\"wp-caption aligncenter\"><img decoding=\"async\" loading=\"lazy\" aria-describedby=\"caption-attachment-222150\" class=\"wp-image-222150 size-custom-full-size\" src=\"https:\/\/bejsment.com\/wp-content\/uploads\/2025\/09\/aanowacka2-636x477.jpg\" alt=\"\" width=\"636\" height=\"477\" \/><\/p>\n<p id=\"caption-attachment-222150\" class=\"wp-caption-text\">Barbara Nowacka, minister edukacji narodowej<\/p>\n<\/div>\n<p><strong>Wprowadzenie edukacji zdrowotnej do polskich szk\u00f3\u0142, kt\u00f3ra zast\u0105pi\u0142a wychowanie do \u017cycia w rodzinie, wywo\u0142a\u0142o burzliw\u0105 dyskusj\u0119. Jednak w praktyce zaj\u0119cia mog\u0105 w wielu plac\u00f3wkach w og\u00f3le si\u0119 nie odbywa\u0107, bo uczniowie masowo rezygnuj\u0105 z uczestnictwa.<\/strong><\/p>\n<p>Rodzice uczni\u00f3w niepe\u0142noletnich i sami pe\u0142noletni maj\u0105 czas do 25 wrze\u015bnia, by z\u0142o\u017cy\u0107 deklaracj\u0119 o udziale w zaj\u0119ciach. Program nowego przedmiotu obejmuje szeroki zakres temat\u00f3w \u2013 od zdrowego stylu \u017cycia, sportu i emocji, po funkcjonowanie cz\u0142owieka w spo\u0142ecze\u0144stwie. Edukacja zdrowotna ma by\u0107 realizowana od czwartej klasy szko\u0142y podstawowej a\u017c po szko\u0142y \u015brednie.<\/p>\n<p>Jednak m\u0142odzie\u017c podchodzi do tych lekcji sceptycznie. W Z\u0105bkowicach \u015al\u0105skich wielu licealist\u00f3w wprost przyznaje, \u017ce nie widzi sensu w uczestnictwie.<\/p>\n<p>\u2013 <em>Nie b\u0119d\u0119 chodzi\u0107, bo szkoda mi czasu. Ale jak kto\u015b chce, to nic z\u0142ego w tym przedmiocie nie ma<\/em> \u2013 m\u00f3wi Gabrysia, uczennica klasy biologiczno-chemicznej.<\/p>\n<p>Najcz\u0119\u015bciej wskazywanym problemem jest plan lekcji. Nowy przedmiot zwykle przypada na \u00f3sm\u0105 czy dziewi\u0105t\u0105 godzin\u0119, wi\u0119c uczniowie wol\u0105 wr\u00f3ci\u0107 wcze\u015bniej do domu.<\/p>\n<p>\u2013 <em>To raczej opcja dla tych, kt\u00f3rzy maj\u0105 wi\u0119cej czasu. Ja wol\u0119 szybciej sko\u0144czy\u0107 dzie\u0144<\/em> \u2013 przyznaje Filip.<\/p>\n<p>Wielu uczni\u00f3w zauwa\u017ca te\u017c, \u017ce nowa formu\u0142a niewiele r\u00f3\u017cni si\u0119 od WD\u017b.<\/p>\n<p>\u2013 <em>Zmienili nazw\u0119, lekko formu\u0142\u0119 i s\u0105 kontrowersje, a tre\u015bci s\u0105 bardzo podobne<\/em> \u2013 komentuje Amelia, maturzystka. Inna uczennica, Kasia, dodaje:<\/p>\n<p>\u2013 <em>Edukacja zdrowotna wesz\u0142a w miejsce WD\u017b, z kt\u00f3rego i tak wielu by\u0142o wypisanych<\/em>.<\/p>\n<p style=\"text-align: right\"><em>Na podst. i.Pl<\/em><\/p>\n","protected":false},"excerpt":{"rendered":"<p>Barbara Nowacka, minister edukacji narodowej Wprowadzenie edukacji zdrowotnej do polskich szk\u00f3\u0142, kt\u00f3ra zast\u0105pi\u0142a wychowanie do \u017cycia w rodzinie, wywo\u0142a\u0142o burzliw\u0105 dyskusj\u0119. Jednak w praktyce zaj\u0119cia&hellip;<\/p>\n","protected":false},"author":3,"featured_media":3633,"comment_status":"open","ping_status":"open","sticky":false,"template":"","format":"standard","meta":{"footnotes":""},"categories":[14,18],"tags":[],"class_list":["post-3632","post","type-post","status-publish","format-standard","has-post-thumbnail","hentry","category-polska","category-top-news"],"_links":{"self":[{"href":"https:\/\/radiopoloniawinnipeg.com\/index.php\/wp-json\/wp\/v2\/posts\/3632","targetHints":{"allow":["GET"]}}],"collection":[{"href":"https:\/\/radiopoloniawinnipeg.com\/index.php\/wp-json\/wp\/v2\/posts"}],"about":[{"href":"https:\/\/radiopoloniawinnipeg.com\/index.php\/wp-json\/wp\/v2\/types\/post"}],"author":[{"embeddable":true,"href":"https:\/\/radiopoloniawinnipeg.com\/index.php\/wp-json\/wp\/v2\/users\/3"}],"replies":[{"embeddable":true,"href":"https:\/\/radiopoloniawinnipeg.com\/index.php\/wp-json\/wp\/v2\/comments?post=3632"}],"version-history":[{"count":0,"href":"https:\/\/radiopoloniawinnipeg.com\/index.php\/wp-json\/wp\/v2\/posts\/3632\/revisions"}],"wp:featuredmedia":[{"embeddable":true,"href":"https:\/\/radiopoloniawinnipeg.com\/index.php\/wp-json\/wp\/v2\/media\/3633"}],"wp:attachment":[{"href":"https:\/\/radiopoloniawinnipeg.com\/index.php\/wp-json\/wp\/v2\/media?parent=3632"}],"wp:term":[{"taxonomy":"category","embeddable":true,"href":"https:\/\/radiopoloniawinnipeg.com\/index.php\/wp-json\/wp\/v2\/categories?post=3632"},{"taxonomy":"post_tag","embeddable":true,"href":"https:\/\/radiopoloniawinnipeg.com\/index.php\/wp-json\/wp\/v2\/tags?post=3632"}],"curies":[{"name":"wp","href":"https:\/\/api.w.org\/{rel}","templated":true}]}}