{"id":3634,"date":"2025-09-03T07:30:07","date_gmt":"2025-09-03T11:30:07","guid":{"rendered":"https:\/\/radiopoloniawinnipeg.com\/index.php\/2025\/09\/03\/800-plus-dla-ukraincow-rzad-przedstawil-nowy-projekt-ustawy\/"},"modified":"2025-09-03T07:30:07","modified_gmt":"2025-09-03T11:30:07","slug":"800-plus-dla-ukraincow-rzad-przedstawil-nowy-projekt-ustawy","status":"publish","type":"post","link":"https:\/\/radiopoloniawinnipeg.com\/index.php\/2025\/09\/03\/800-plus-dla-ukraincow-rzad-przedstawil-nowy-projekt-ustawy\/","title":{"rendered":"800 plus dla Ukrai\u0144c\u00f3w. Rz\u0105d przedstawi\u0142 nowy projekt ustawy"},"content":{"rendered":"<p><img decoding=\"async\" loading=\"lazy\" class=\"aligncenter size-custom-full-size wp-image-222230\" src=\"https:\/\/bejsment.com\/wp-content\/uploads\/2025\/09\/aarzad-636x358.jpg\" alt=\"\" width=\"636\" height=\"358\" \/><\/p>\n<p><strong>Po wecie prezydenta Karola Nawrockiego wobec ustawy o pomocy obywatelom Ukrainy rz\u0105d zaprezentowa\u0142 nowy projekt, kt\u00f3ry zak\u0142ada m.in. zmiany w zasadach przyznawania \u015bwiadczenia 800 plus cudzoziemcom. Kluczowe jest powi\u0105zanie wyp\u0142at z aktywno\u015bci\u0105 zawodow\u0105 rodzic\u00f3w na polskim rynku pracy oraz nauk\u0105 dzieci w polskich szko\u0142ach.<\/strong><\/p>\n<p>Wiceminister spraw wewn\u0119trznych i administracji Maciej Duszczyk poinformowa\u0142 w poniedzia\u0142ek wieczorem na platformie X, \u017ce prace nad projektem zosta\u0142y zako\u0144czone. Jak podkre\u015bli\u0142, nowe przepisy maj\u0105 zapobiec chaosowi po 30 wrze\u015bnia. Rzeczniczka MSWiA Karolina Ga\u0142ecka doda\u0142a, \u017ce dokument powinien trafi\u0107 na posiedzenie rz\u0105du jeszcze we wrze\u015bniu.<\/p>\n<p>We wtorek projekt zosta\u0142 opublikowany na stronie Rz\u0105dowego Centrum Legislacji. Zak\u0142ada on tak\u017ce comiesi\u0119czn\u0105 weryfikacj\u0119 przez ZUS w rejestrze Stra\u017cy Granicznej, czy cudzoziemcy faktycznie zamieszkuj\u0105 w Polsce. Podobne warunki maj\u0105 obj\u0105\u0107 \u015bwiadczenie \u201eDobry start\u201d, kt\u00f3re zostanie uzale\u017cnione od aktywno\u015bci zawodowej rodzic\u00f3w lub podlegania ubezpieczeniu zdrowotnemu. Nowelizacja przewiduje r\u00f3wnie\u017c przed\u0142u\u017cenie do 4 marca 2026 r. niekt\u00f3rych rozwi\u0105za\u0144 zawartych w ustawie o pomocy obywatelom Ukrainy z 2022 r.<\/p>\n<p>Prezydent Nawrocki, wetuj\u0105c poprzedni\u0105 ustaw\u0119, argumentowa\u0142, \u017ce wsparcie socjalne powinno przys\u0142ugiwa\u0107 tym uchod\u017acom, kt\u00f3rzy podejmuj\u0105 prac\u0119. Pa\u0142ac Prezydencki zapowiedzia\u0142 jednocze\u015bnie w\u0142asny projekt, obejmuj\u0105cy m.in. wyd\u0142u\u017cenie procedury nadania obywatelstwa i zaostrzenie kar za nielegalne przekraczanie granicy. \u2013 Apelujemy, aby ustawa zosta\u0142a przyj\u0119ta do ko\u0144ca wrze\u015bnia. W\u00f3wczas prezydent b\u0119dzie m\u00f3g\u0142 j\u0105 od razu podpisa\u0107 \u2013 podkre\u015bli\u0142 szef gabinetu prezydenta Pawe\u0142 Szefernaker.<\/p>\n<p>Obywatele Ukrainy przebywaj\u0105cy w Polsce maj\u0105 obecnie zapewnion\u0105 ochron\u0119 czasow\u0105 do 30 wrze\u015bnia 2025 r. Je\u015bli jednak nowe przepisy nie wejd\u0105 w \u017cycie, od 1 pa\u017adziernika tysi\u0105ce z nich mog\u0105 straci\u0107 prawo do legalnego pobytu, dost\u0119pu do rynku pracy, \u015bwiadcze\u0144 socjalnych, edukacji i opieki zdrowotnej.<\/p>\n<p style=\"text-align: right\"><em>Na podst. Polsat News<\/em><\/p>\n","protected":false},"excerpt":{"rendered":"<p>Po wecie prezydenta Karola Nawrockiego wobec ustawy o pomocy obywatelom Ukrainy rz\u0105d zaprezentowa\u0142 nowy projekt, kt\u00f3ry zak\u0142ada m.in. zmiany w zasadach przyznawania \u015bwiadczenia 800 plus&hellip;<\/p>\n","protected":false},"author":3,"featured_media":3635,"comment_status":"open","ping_status":"open","sticky":false,"template":"","format":"standard","meta":{"footnotes":""},"categories":[14,18],"tags":[],"class_list":["post-3634","post","type-post","status-publish","format-standard","has-post-thumbnail","hentry","category-polska","category-top-news"],"_links":{"self":[{"href":"https:\/\/radiopoloniawinnipeg.com\/index.php\/wp-json\/wp\/v2\/posts\/3634","targetHints":{"allow":["GET"]}}],"collection":[{"href":"https:\/\/radiopoloniawinnipeg.com\/index.php\/wp-json\/wp\/v2\/posts"}],"about":[{"href":"https:\/\/radiopoloniawinnipeg.com\/index.php\/wp-json\/wp\/v2\/types\/post"}],"author":[{"embeddable":true,"href":"https:\/\/radiopoloniawinnipeg.com\/index.php\/wp-json\/wp\/v2\/users\/3"}],"replies":[{"embeddable":true,"href":"https:\/\/radiopoloniawinnipeg.com\/index.php\/wp-json\/wp\/v2\/comments?post=3634"}],"version-history":[{"count":0,"href":"https:\/\/radiopoloniawinnipeg.com\/index.php\/wp-json\/wp\/v2\/posts\/3634\/revisions"}],"wp:featuredmedia":[{"embeddable":true,"href":"https:\/\/radiopoloniawinnipeg.com\/index.php\/wp-json\/wp\/v2\/media\/3635"}],"wp:attachment":[{"href":"https:\/\/radiopoloniawinnipeg.com\/index.php\/wp-json\/wp\/v2\/media?parent=3634"}],"wp:term":[{"taxonomy":"category","embeddable":true,"href":"https:\/\/radiopoloniawinnipeg.com\/index.php\/wp-json\/wp\/v2\/categories?post=3634"},{"taxonomy":"post_tag","embeddable":true,"href":"https:\/\/radiopoloniawinnipeg.com\/index.php\/wp-json\/wp\/v2\/tags?post=3634"}],"curies":[{"name":"wp","href":"https:\/\/api.w.org\/{rel}","templated":true}]}}