{"id":3636,"date":"2025-09-03T08:30:08","date_gmt":"2025-09-03T12:30:08","guid":{"rendered":"https:\/\/radiopoloniawinnipeg.com\/index.php\/2025\/09\/03\/korea-polnocna-zegna-poleglych-w-wojnie-na-ukrainie\/"},"modified":"2025-09-03T08:30:08","modified_gmt":"2025-09-03T12:30:08","slug":"korea-polnocna-zegna-poleglych-w-wojnie-na-ukrainie","status":"publish","type":"post","link":"https:\/\/radiopoloniawinnipeg.com\/index.php\/2025\/09\/03\/korea-polnocna-zegna-poleglych-w-wojnie-na-ukrainie\/","title":{"rendered":"Korea P\u00f3\u0142nocna \u017cegna poleg\u0142ych w wojnie na Ukrainie"},"content":{"rendered":"<p><img decoding=\"async\" loading=\"lazy\" class=\"aligncenter size-custom-full-size wp-image-222234\" src=\"https:\/\/bejsment.com\/wp-content\/uploads\/2025\/09\/aakorea-636x359.jpg\" alt=\"\" width=\"636\" height=\"359\" \/><\/p>\n<p><strong>Oko\u0142o dw\u00f3ch tysi\u0119cy p\u00f3\u0142nocnokorea\u0144skich \u017co\u0142nierzy poleg\u0142o, walcz\u0105c po stronie Rosji w wojnie przeciwko Ukrainie \u2013 poinformowa\u0142a we wtorek po\u0142udniowokorea\u0144ska Narodowa S\u0142u\u017cba Wywiadowcza (NIS). Kilka dni temu nagrania pokazuj\u0105ce Kim Dzong Una \u017cegnaj\u0105cego poleg\u0142ych obieg\u0142y \u015bwiatowe media.<\/strong><\/p>\n<p>NIS ujawni\u0142a dane podczas posiedzenia parlamentarnej komisji ds. wywiadu. Wed\u0142ug informacji s\u0142u\u017cb Pjongjang planuje wys\u0142a\u0107 do Rosji kolejn\u0105, trzeci\u0105 ju\u017c grup\u0119 licz\u0105c\u0105 6 tys. \u017co\u0142nierzy, z czego tysi\u0105c in\u017cynier\u00f3w wojskowych mia\u0142o ju\u017c dotrze\u0107 na miejsce. Dotychczas Korea P\u00f3\u0142nocna wys\u0142a\u0142a co najmniej 13 tys. \u017co\u0142nierzy oraz znaczne ilo\u015bci broni konwencjonalnej. Jak podkre\u015blono, p\u00f3\u0142nocnokorea\u0144skie oddzia\u0142y stacjonuj\u0105 na ty\u0142ach jako si\u0142y rezerwowe i mo\u017cliwa jest wymiana lokalnego dow\u00f3dztwa.<\/p>\n<p>W ubieg\u0142ym tygodniu agencja KCNA informowa\u0142a, \u017ce Kim Dzong Un odda\u0142 ho\u0142d \u201em\u0119czennikom\u201d poleg\u0142ym w Ukrainie i z\u0142o\u017cy\u0142 kondolencje ich rodzinom. 22 sierpnia agencja Reutera opublikowa\u0142a nagrania z tej ceremonii.<\/p>\n<p>We wtorek opancerzony poci\u0105g z Kimem na pok\u0142adzie przekroczy\u0142 granic\u0119 z Chinami. Przyw\u00f3dca Korei P\u00f3\u0142nocnej zmierza do Pekinu, gdzie we\u017amie udzia\u0142 w paradzie wojskowej z okazji 80. rocznicy zako\u0144czenia II wojny \u015bwiatowej. Wed\u0142ug planu obok Xi Jinpinga, gospodarza uroczysto\u015bci, zasi\u0105d\u0105 W\u0142adimir Putin i Kim Dzong Un.<\/p>\n<p>Jak oceni\u0142a po\u0142udniowokorea\u0144ska NIS, wizyta ma s\u0142u\u017cy\u0107 odbudowie relacji z Chinami i pozyskaniu wsparcia gospodarczego dla re\u017cimu. S\u0142u\u017cby nie wykluczaj\u0105, \u017ce Kimowi towarzyszy jego \u017cona Ri Sol Dzu oraz siostra Kim Jo Dzong.<\/p>\n<p style=\"text-align: right\"><em>Na podst. Polsat News<\/em><\/p>\n","protected":false},"excerpt":{"rendered":"<p>Oko\u0142o dw\u00f3ch tysi\u0119cy p\u00f3\u0142nocnokorea\u0144skich \u017co\u0142nierzy poleg\u0142o, walcz\u0105c po stronie Rosji w wojnie przeciwko Ukrainie \u2013 poinformowa\u0142a we wtorek po\u0142udniowokorea\u0144ska Narodowa S\u0142u\u017cba Wywiadowcza (NIS). Kilka dni&hellip;<\/p>\n","protected":false},"author":3,"featured_media":3637,"comment_status":"open","ping_status":"open","sticky":false,"template":"","format":"standard","meta":{"footnotes":""},"categories":[15,18],"tags":[],"class_list":["post-3636","post","type-post","status-publish","format-standard","has-post-thumbnail","hentry","category-swiat","category-top-news"],"_links":{"self":[{"href":"https:\/\/radiopoloniawinnipeg.com\/index.php\/wp-json\/wp\/v2\/posts\/3636","targetHints":{"allow":["GET"]}}],"collection":[{"href":"https:\/\/radiopoloniawinnipeg.com\/index.php\/wp-json\/wp\/v2\/posts"}],"about":[{"href":"https:\/\/radiopoloniawinnipeg.com\/index.php\/wp-json\/wp\/v2\/types\/post"}],"author":[{"embeddable":true,"href":"https:\/\/radiopoloniawinnipeg.com\/index.php\/wp-json\/wp\/v2\/users\/3"}],"replies":[{"embeddable":true,"href":"https:\/\/radiopoloniawinnipeg.com\/index.php\/wp-json\/wp\/v2\/comments?post=3636"}],"version-history":[{"count":0,"href":"https:\/\/radiopoloniawinnipeg.com\/index.php\/wp-json\/wp\/v2\/posts\/3636\/revisions"}],"wp:featuredmedia":[{"embeddable":true,"href":"https:\/\/radiopoloniawinnipeg.com\/index.php\/wp-json\/wp\/v2\/media\/3637"}],"wp:attachment":[{"href":"https:\/\/radiopoloniawinnipeg.com\/index.php\/wp-json\/wp\/v2\/media?parent=3636"}],"wp:term":[{"taxonomy":"category","embeddable":true,"href":"https:\/\/radiopoloniawinnipeg.com\/index.php\/wp-json\/wp\/v2\/categories?post=3636"},{"taxonomy":"post_tag","embeddable":true,"href":"https:\/\/radiopoloniawinnipeg.com\/index.php\/wp-json\/wp\/v2\/tags?post=3636"}],"curies":[{"name":"wp","href":"https:\/\/api.w.org\/{rel}","templated":true}]}}