{"id":3646,"date":"2025-09-03T14:00:14","date_gmt":"2025-09-03T18:00:14","guid":{"rendered":"https:\/\/radiopoloniawinnipeg.com\/index.php\/2025\/09\/03\/amerykanscy-wojskowi-pozostana-w-polsce-trump-zlozyl-deklaracje\/"},"modified":"2025-09-03T14:00:14","modified_gmt":"2025-09-03T18:00:14","slug":"amerykanscy-wojskowi-pozostana-w-polsce-trump-zlozyl-deklaracje","status":"publish","type":"post","link":"https:\/\/radiopoloniawinnipeg.com\/index.php\/2025\/09\/03\/amerykanscy-wojskowi-pozostana-w-polsce-trump-zlozyl-deklaracje\/","title":{"rendered":"Ameryka\u0144scy wojskowi pozostan\u0105 w Polsce. Trump z\u0142o\u017cy\u0142 deklaracj\u0119"},"content":{"rendered":"<p><strong>\u2013 Uwa\u017cam, \u017ce nadal b\u0119dziemy obecni w Polsce, to jest ju\u017c ustalone \u2013 oznajmi\u0142 prezydent Stan\u00f3w Zjednoczonych. \u2013 Je\u015bli Polacy wyra\u017c\u0105 takie oczekiwanie, wy\u015blemy tam dodatkowych \u017co\u0142nierzy \u2013 doda\u0142.<\/strong><\/p>\n<p>W Bia\u0142ym Domu odbywa si\u0119 spotkanie Donalda Trumpa z Karolem Nawrockim. Ameryka\u0144ski przyw\u00f3dca podzi\u0119kowa\u0142 swojemu go\u015bciowi za okazane wsparcie w trakcie ostatniej kampanii wyborczej. \u2013 To by\u0142a walka ze wszystkimi \u2013 zaznaczy\u0142.<\/p>\n<p>Podczas rozm\u00f3w Trump zapewni\u0142, \u017ce obecno\u015b\u0107 wojsk USA w Polsce zostanie utrzymana, a ich liczba mo\u017ce si\u0119 zwi\u0119kszy\u0107, je\u015bli taka b\u0119dzie wola strony polskiej. Podkre\u015bli\u0142 te\u017c wag\u0119 wi\u0119zi \u0142\u0105cz\u0105cych oba kraje, a Nawrocki nawi\u0105za\u0142 do bohater\u00f3w historycznych, kt\u00f3rzy zapisali si\u0119 w dziejach Polski i Stan\u00f3w Zjednoczonych. Wsp\u00f3lnie oddali r\u00f3wnie\u017c ho\u0142d pilotowi F-16, wspominaj\u0105c symboliczny przelot my\u015bliwc\u00f3w F-35.<\/p>\n<p>Spotkanie odby\u0142o si\u0119 w Gabinecie Owalnym. Trump nie szcz\u0119dzi\u0142 pochwa\u0142 pod adresem Nawrockiego. \u2013 Pan prezydent jest wyj\u0105tkowy. Prowadzi\u0142 \u015bwietn\u0105 kampani\u0119 wyborcz\u0105 i zwyci\u0119\u017cy\u0142. Polacy szybko go polubili, teraz darz\u0105 go wielkim szacunkiem. To cz\u0142owiek, kt\u00f3ry osi\u0105gn\u0105\u0142 ogromny sukces w bardzo trudnym starciu politycznym. Jest tak\u017ce osob\u0105 niezwykle interesuj\u0105c\u0105. Rzadko kogo chwal\u0119, ale jego musz\u0119 pochwali\u0107 za wykonan\u0105 prac\u0119. Jestem zaszczycony, \u017ce mog\u0119 go\u015bci\u0107 go tutaj \u2013 powiedzia\u0142.<\/p>\n<p>Nawrocki wyrazi\u0142 wdzi\u0119czno\u015b\u0107 za zaproszenie, kt\u00f3re nast\u0105pi\u0142o ju\u017c miesi\u0105c po jego zaprzysi\u0119\u017ceniu. \u2013 To pokazuje, \u017ce relacje Polski i USA s\u0105 wyj\u0105tkowo silne, silniejsze ni\u017c kiedykolwiek. Dzi\u0119kuj\u0119 te\u017c za wsparcie w czasie wymagaj\u0105cej kampanii. Pami\u0119tam o tym i jestem za to bardzo wdzi\u0119czny, podobnie jak za pomoc polskiej spo\u0142eczno\u015bci w Stanach Zjednoczonych. To by\u0142a moja walka przeciwko wszystkim \u2013 podkre\u015bli\u0142.<\/p>\n<p>Trump skierowa\u0142 r\u00f3wnie\u017c s\u0142owa do ponad 10 milion\u00f3w Polak\u00f3w mieszkaj\u0105cych w USA, kt\u00f3rzy w wyborach w wi\u0119kszo\u015bci poparli jego oraz wcze\u015bniej samego Trumpa. Podczas spotkania Nawrocki przypomnia\u0142 te\u017c o Tadeuszu Ko\u015bciuszce i Kazimierzu Pu\u0142askim, bohaterach, kt\u00f3rzy walczyli o wolno\u015b\u0107 Stan\u00f3w Zjednoczonych.<br \/>\nNa koniec pad\u0142o pytanie o obecno\u015b\u0107 wojsk USA w Polsce. \u2013 My\u015bl\u0119, \u017ce tak, zostajemy w Polsce, sprawa jest uzgodniona \u2013 odpowiedzia\u0142 Trump. Po chwili doda\u0142: \u2013 Je\u015bli Polacy b\u0119d\u0105 sobie tego \u017cyczy\u0107, wy\u015blemy wi\u0119cej \u017co\u0142nierzy.<\/p>\n","protected":false},"excerpt":{"rendered":"<p>\u2013 Uwa\u017cam, \u017ce nadal b\u0119dziemy obecni w Polsce, to jest ju\u017c ustalone \u2013 oznajmi\u0142 prezydent Stan\u00f3w Zjednoczonych. \u2013 Je\u015bli Polacy wyra\u017c\u0105 takie oczekiwanie, wy\u015blemy tam&hellip;<\/p>\n","protected":false},"author":3,"featured_media":3647,"comment_status":"open","ping_status":"open","sticky":false,"template":"","format":"standard","meta":{"footnotes":""},"categories":[14,18],"tags":[],"class_list":["post-3646","post","type-post","status-publish","format-standard","has-post-thumbnail","hentry","category-polska","category-top-news"],"_links":{"self":[{"href":"https:\/\/radiopoloniawinnipeg.com\/index.php\/wp-json\/wp\/v2\/posts\/3646","targetHints":{"allow":["GET"]}}],"collection":[{"href":"https:\/\/radiopoloniawinnipeg.com\/index.php\/wp-json\/wp\/v2\/posts"}],"about":[{"href":"https:\/\/radiopoloniawinnipeg.com\/index.php\/wp-json\/wp\/v2\/types\/post"}],"author":[{"embeddable":true,"href":"https:\/\/radiopoloniawinnipeg.com\/index.php\/wp-json\/wp\/v2\/users\/3"}],"replies":[{"embeddable":true,"href":"https:\/\/radiopoloniawinnipeg.com\/index.php\/wp-json\/wp\/v2\/comments?post=3646"}],"version-history":[{"count":0,"href":"https:\/\/radiopoloniawinnipeg.com\/index.php\/wp-json\/wp\/v2\/posts\/3646\/revisions"}],"wp:featuredmedia":[{"embeddable":true,"href":"https:\/\/radiopoloniawinnipeg.com\/index.php\/wp-json\/wp\/v2\/media\/3647"}],"wp:attachment":[{"href":"https:\/\/radiopoloniawinnipeg.com\/index.php\/wp-json\/wp\/v2\/media?parent=3646"}],"wp:term":[{"taxonomy":"category","embeddable":true,"href":"https:\/\/radiopoloniawinnipeg.com\/index.php\/wp-json\/wp\/v2\/categories?post=3646"},{"taxonomy":"post_tag","embeddable":true,"href":"https:\/\/radiopoloniawinnipeg.com\/index.php\/wp-json\/wp\/v2\/tags?post=3646"}],"curies":[{"name":"wp","href":"https:\/\/api.w.org\/{rel}","templated":true}]}}