{"id":3658,"date":"2025-09-04T10:15:05","date_gmt":"2025-09-04T14:15:05","guid":{"rendered":"https:\/\/radiopoloniawinnipeg.com\/index.php\/2025\/09\/04\/w-dubaju-w-hotelu-bede-pijana-dzieci-zaspiewaly-a-dorosli-bili-brawo\/"},"modified":"2025-09-04T10:15:05","modified_gmt":"2025-09-04T14:15:05","slug":"w-dubaju-w-hotelu-bede-pijana-dzieci-zaspiewaly-a-dorosli-bili-brawo","status":"publish","type":"post","link":"https:\/\/radiopoloniawinnipeg.com\/index.php\/2025\/09\/04\/w-dubaju-w-hotelu-bede-pijana-dzieci-zaspiewaly-a-dorosli-bili-brawo\/","title":{"rendered":"\u201eW Dubaju w hotelu b\u0119d\u0119 pijana\u201d. Dzieci za\u015bpiewa\u0142y, a doro\u015bli bili brawo"},"content":{"rendered":"<p>\u201eW Dubaju w hotelu, na swoim weselu, b\u0119d\u0119 pijana, b\u0119d\u0119 pijana\u201d \u2013 te fragmenty piosenki \u201eWesele w Dubaju\u201d zabrzmia\u0142y podczas inauguracji roku szkolnego w jednej z podstaw\u00f3wek w Starachowicach (woj. \u015bwi\u0119tokrzyskie). Utw\u00f3r wykona\u0142y uczennice, a obecni na sali doro\u015bli nagradzali wyst\u0119p oklaskami. \u2013 Skandal \u2013 skomentowa\u0142 radny miejski Konrad R\u0105czka, a by\u0142a dyrektorka plac\u00f3wki, dzi\u015b pos\u0142anka PiS Agata Wojtyszek, przyzna\u0142a w mediach spo\u0142eczno\u015bciowych, \u017ce czuje wstyd. Do sprawy odnios\u0142y si\u0119 w\u0142adze miasta, a \u015awi\u0119tokrzyskie Kuratorium O\u015bwiaty wszcz\u0119\u0142o post\u0119powanie wyja\u015bniaj\u0105ce.<\/p>\n<p>Nagranie z uroczysto\u015bci zamie\u015bci\u0142 w internecie radny R\u0105czka. Na inauguracji roku szkolnego dzieci za\u015bpiewa\u0142y przeb\u00f3j zespo\u0142u Daj to G\u0142o\u015bniej. W refrenie pojawi\u0142y si\u0119 s\u0142owa: \u201eb\u0119d\u0119 pijana, b\u0119d\u0119 pijana\u201d. Publiczno\u015b\u0107, w\u015br\u00f3d kt\u00f3rej byli rodzice, pedagodzy i urz\u0119dnicy, klaska\u0142a. Radny zwr\u00f3ci\u0142 uwag\u0119, \u017ce w oryginale piosenki znajduj\u0105 si\u0119 tak\u017ce wulgaryzmy: \u201eOd Warszawy, po Abu Dhabi, tak si\u0119 kur\\\\*\\\\* Polska bawi\u201d.<\/p>\n<p>\u2013 W przestrzeni publicznej i tak mamy nadmiar reklam alkoholu. W mie\u015bcie dyskutujemy nad wprowadzeniem nocnej prohibicji, a kto\u015b wpada na taki pomys\u0142 \u2013 oceni\u0142 R\u0105czka w rozmowie z tvn24.pl. \u2013 Nie chodzi o zakazanie samej piosenki, lecz o czas i miejsce. Dzieci nie s\u0105 winne, ale odpowiedzialno\u015b\u0107 spada na dyrekcj\u0119 i nauczycieli. Jak ci sami pedagodzy zareaguj\u0105, gdy ucze\u0144 starszych klas si\u0119 upije? \u2013 doda\u0142.<\/p>\n<p>Sytuacj\u0119 skrytykowa\u0142a tak\u017ce pos\u0142anka Agata Wojtyszek, by\u0142a dyrektorka tej szko\u0142y. Napisa\u0142a, \u017ce odebra\u0142a nagranie \u201ez wielkim zawstydzeniem i niepokojem\u201d. Podkre\u015bli\u0142a, \u017ce rozpocz\u0119cie roku szkolnego to wyj\u0105tkowa chwila, kt\u00f3rej nie powinno si\u0119 zak\u0142\u00f3ca\u0107 tre\u015bciami dotycz\u0105cymi alkoholu. Jej zdaniem rodzice, dyrekcja i obecne w\u0142adze powinni zareagowa\u0107, zamiast bi\u0107 brawo. \u2013 Jako by\u0142a szefowa tej szko\u0142y czuj\u0119 za\u017cenowanie. Plac\u00f3wki o\u015bwiatowe maj\u0105 obowi\u0105zek chroni\u0107 m\u0142odych ludzi przed tre\u015bciami przekraczaj\u0105cymi granice odpowiedzialno\u015bci i dobrego smaku. Mam nadziej\u0119, \u017ce zostan\u0105 wyci\u0105gni\u0119te wnioski \u2013 zaznaczy\u0142a.<\/p>\n<p>Na wydarzeniu obecny by\u0142 tak\u017ce prezydent Starachowic Marek Materek. Po ujawnieniu nagrania magistrat wyda\u0142 komunikat, w kt\u00f3rym poinformowa\u0142, \u017ce przeprowadzono rozmow\u0119 dyscyplinuj\u0105c\u0105 z dyrekcj\u0105 \u2013 organizatorem artystycznej cz\u0119\u015bci akademii. Podkre\u015blono, \u017ce podobne utwory nie powinny trafia\u0107 do szkolnego repertuaru. \u201eJeste\u015bmy zdecydowanie przeciwni promowaniu w\u015br\u00f3d dzieci i m\u0142odzie\u017cy wzorc\u00f3w zachowa\u0144 zwi\u0105zanych z alkoholem\u201d \u2013 czytamy w o\u015bwiadczeniu. Dodano te\u017c, \u017ce przedstawiciele w\u0142adz samorz\u0105dowych nie znali wcze\u015bniej szczeg\u00f3\u0142\u00f3w programu.<\/p>\n<p>Wyja\u015bnienia za\u017c\u0105da\u0142o \u015awi\u0119tokrzyskie Kuratorium O\u015bwiaty. \u2013 Wystosowali\u015bmy pismo do urz\u0119du miasta jako organu prowadz\u0105cego oraz do dyrektorki szko\u0142y, prosz\u0105c o wskazanie, dlaczego w repertuarze znalaz\u0142a si\u0119 piosenka o takiej tre\u015bci. Po otrzymaniu odpowiedzi zdecydujemy, czy konieczna b\u0119dzie kontrola w plac\u00f3wce \u2013 wyja\u015bni\u0142a rzeczniczka kuratorium Magdalena Werens. Doda\u0142a, \u017ce ostatecznie rozwa\u017cone zostanie r\u00f3wnie\u017c post\u0119powanie dyscyplinarne.<\/p>\n","protected":false},"excerpt":{"rendered":"<p>\u201eW Dubaju w hotelu, na swoim weselu, b\u0119d\u0119 pijana, b\u0119d\u0119 pijana\u201d \u2013 te fragmenty piosenki \u201eWesele w Dubaju\u201d zabrzmia\u0142y podczas inauguracji roku szkolnego w jednej&hellip;<\/p>\n","protected":false},"author":3,"featured_media":3659,"comment_status":"open","ping_status":"open","sticky":false,"template":"","format":"standard","meta":{"footnotes":""},"categories":[14,18],"tags":[],"class_list":["post-3658","post","type-post","status-publish","format-standard","has-post-thumbnail","hentry","category-polska","category-top-news"],"_links":{"self":[{"href":"https:\/\/radiopoloniawinnipeg.com\/index.php\/wp-json\/wp\/v2\/posts\/3658","targetHints":{"allow":["GET"]}}],"collection":[{"href":"https:\/\/radiopoloniawinnipeg.com\/index.php\/wp-json\/wp\/v2\/posts"}],"about":[{"href":"https:\/\/radiopoloniawinnipeg.com\/index.php\/wp-json\/wp\/v2\/types\/post"}],"author":[{"embeddable":true,"href":"https:\/\/radiopoloniawinnipeg.com\/index.php\/wp-json\/wp\/v2\/users\/3"}],"replies":[{"embeddable":true,"href":"https:\/\/radiopoloniawinnipeg.com\/index.php\/wp-json\/wp\/v2\/comments?post=3658"}],"version-history":[{"count":0,"href":"https:\/\/radiopoloniawinnipeg.com\/index.php\/wp-json\/wp\/v2\/posts\/3658\/revisions"}],"wp:featuredmedia":[{"embeddable":true,"href":"https:\/\/radiopoloniawinnipeg.com\/index.php\/wp-json\/wp\/v2\/media\/3659"}],"wp:attachment":[{"href":"https:\/\/radiopoloniawinnipeg.com\/index.php\/wp-json\/wp\/v2\/media?parent=3658"}],"wp:term":[{"taxonomy":"category","embeddable":true,"href":"https:\/\/radiopoloniawinnipeg.com\/index.php\/wp-json\/wp\/v2\/categories?post=3658"},{"taxonomy":"post_tag","embeddable":true,"href":"https:\/\/radiopoloniawinnipeg.com\/index.php\/wp-json\/wp\/v2\/tags?post=3658"}],"curies":[{"name":"wp","href":"https:\/\/api.w.org\/{rel}","templated":true}]}}