{"id":3674,"date":"2025-09-05T10:30:07","date_gmt":"2025-09-05T14:30:07","guid":{"rendered":"https:\/\/radiopoloniawinnipeg.com\/index.php\/2025\/09\/05\/dwoch-kanadyjczykow-zaginelo-po-katastrofie-kolejki-linowo-terenowej-w-lizbonie\/"},"modified":"2025-09-05T10:30:07","modified_gmt":"2025-09-05T14:30:07","slug":"dwoch-kanadyjczykow-zaginelo-po-katastrofie-kolejki-linowo-terenowej-w-lizbonie","status":"publish","type":"post","link":"https:\/\/radiopoloniawinnipeg.com\/index.php\/2025\/09\/05\/dwoch-kanadyjczykow-zaginelo-po-katastrofie-kolejki-linowo-terenowej-w-lizbonie\/","title":{"rendered":"Dw\u00f3ch Kanadyjczyk\u00f3w zagin\u0119\u0142o po katastrofie kolejki linowo-terenowej w Lizbonie"},"content":{"rendered":"<p>Global Affairs Canada przekaza\u0142o, \u017ce po tragicznym wypadku popularnej w\u015br\u00f3d odwiedzaj\u0105cych Lizbon\u0119 kolejki linowo-terenowej zagin\u0119\u0142o dw\u00f3ch obywateli Kanady. W zdarzeniu \u017cycie straci\u0142o 16 os\u00f3b, a 21 zosta\u0142o rannych, w tym pi\u0119\u0107 ci\u0119\u017cko.<\/p>\n<p>W czwartkowym o\u015bwiadczeniu GAC potwierdzi\u0142o, \u017ce ma informacje o \u201edw\u00f3ch zaginionych obywatelach Kanady\u201d i przekaza\u0142o \u201enajszczersze kondolencje wszystkim poszkodowanym w tej tragedii\u201d. Jednocze\u015bnie zaznaczono, \u017ce nie mo\u017cna udzieli\u0107 dalszych szczeg\u00f3\u0142\u00f3w, lecz resort pozostaje w kontakcie z w\u0142adzami Portugalii.<\/p>\n<p>Portugalskie instytucje rozpocz\u0119\u0142y w czwartek ustalanie przyczyn katastrofy. \u201eMiasto musi pozna\u0107 odpowiedzi\u201d \u2013 powiedzia\u0142 burmistrz Lizbony Carlos Moedas w wyst\u0105pieniu telewizyjnym, odnosz\u0105c si\u0119 do \u015brodowego wykolejenia pojazdu. W ca\u0142ym kraju og\u0142oszono \u017ca\u0142ob\u0119 narodow\u0105.<br \/>\nPremier Luis Montenegro poinformowa\u0142, \u017ce spraw\u0119 analizuj\u0105 policja, prokuratura oraz pa\u0144stwowi eksperci ds. transportu. Operator tramwaj\u00f3w, sp\u00f3\u0142ka Carris, wszcz\u0105\u0142 r\u00f3wnie\u017c w\u0142asne dochodzenie. Moedas zapowiedzia\u0142 dodatkowo, \u017ce zwr\u00f3ci si\u0119 o ocen\u0119 sprawy przez niezale\u017cn\u0105 instytucj\u0119 zewn\u0119trzn\u0105.<\/p>\n<p>Firma Carris o\u015bwiadczy\u0142a wcze\u015bniej, \u017ce feralny pojazd przeszed\u0142 planowy przegl\u0105d techniczny i wyrazi\u0142a ubolewanie wobec rodzin ofiar.<br \/>\nMargarida Castro Martins, szefowa lizbo\u0144skiej Agencji Obrony Cywilnej, przekaza\u0142a dziennikarzom, \u017ce wszystkie ofiary \u015bmiertelne to osoby doros\u0142e. Nie poda\u0142a jednak nazwisk ani obywatelstw, t\u0142umacz\u0105c, \u017ce najpierw powiadomione musz\u0105 by\u0107 rodziny.<br \/>\nAgencja poinformowa\u0142a w czwartek rano, \u017ce liczba zabitych wzros\u0142a do 17, ale p\u00f3\u017aniej skorygowano dane, wskazuj\u0105c, \u017ce wcze\u015bniejsza rozbie\u017cno\u015b\u0107 wynika\u0142a z powielenia informacji.<\/p>\n<p>Cho\u0107 w\u0142adze nie ujawni\u0142y to\u017csamo\u015bci ofiar, zwi\u0105zek zawodowy SITRA og\u0142osi\u0142, \u017ce w\u015br\u00f3d zmar\u0142ych by\u0142 hamulcowy tramwaju, Andre Marques.<br \/>\nElevador da Gl\u00f3ria kursuje po stromym zboczu w centrum Lizbony, mijaj\u0105c si\u0119 z pojazdem jad\u0105cym w przeciwn\u0105 stron\u0119. Tramwaj zosta\u0142 powa\u017cnie zgnieciony, prawdopodobnie uderzaj\u0105c w budynek na zakr\u0119cie. \u015awiadkowie opisywali, \u017ce konstrukcja, wykonana w du\u017cej cz\u0119\u015bci z metalu, zosta\u0142a ca\u0142kowicie zmia\u017cd\u017cona. \u201eUderzy\u0142 w budynek z ogromn\u0105 si\u0142\u0105 i rozpad\u0142 si\u0119 jak pude\u0142ko z kartonu\u201d \u2013 relacjonowa\u0142a Teresa d\u2019Av\u00f3 dla stacji SIC.<\/p>\n<p>Miejscowe media cytowa\u0142y \u015bwiadk\u00f3w m\u00f3wi\u0105cych, \u017ce pojazd zsun\u0105\u0142 si\u0119 ze wzg\u00f3rza, najwyra\u017aniej trac\u0105c sterowno\u015b\u0107. Jeden z rozm\u00f3wc\u00f3w twierdzi\u0142, \u017ce tramwaj si\u0119 przewr\u00f3ci\u0142.<br \/>\nDo zdarzenia dosz\u0142o oko\u0142o godziny 18:00 czasu lokalnego, w trakcie popo\u0142udniowego szczytu komunikacyjnego. S\u0142u\u017cby ratunkowe poda\u0142y, \u017ce wszystkie ofiary zosta\u0142y wydobyte z wraku w ci\u0105gu nieco ponad dw\u00f3ch godzin.<\/p>\n<p>Linia, otwarta w 1885 roku, \u0142\u0105czy \u015br\u00f3dmie\u015bcie Lizbony przy placu Restauradores z dzielnic\u0105 Bairro Alto, znan\u0105 z intensywnego \u017cycia nocnego. To jedna z trzech kolejek linowo-terenowych obs\u0142ugiwanych przez Carris, popularna zar\u00f3wno w\u015br\u00f3d mieszka\u0144c\u00f3w, jak i turyst\u00f3w.<br \/>\nWed\u0142ug danych magistratu rocznie z linii Gl\u00f3ria korzysta oko\u0142o trzech milion\u00f3w pasa\u017cer\u00f3w. Dwa wagony, mieszcz\u0105ce po oko\u0142o 40 os\u00f3b ka\u017cdy, s\u0105 zamocowane na przeciwnych ko\u0144cach liny, a do ich nap\u0119du wykorzystywane s\u0105 silniki elektryczne obu pojazd\u00f3w.<\/p>\n","protected":false},"excerpt":{"rendered":"<p>Global Affairs Canada przekaza\u0142o, \u017ce po tragicznym wypadku popularnej w\u015br\u00f3d odwiedzaj\u0105cych Lizbon\u0119 kolejki linowo-terenowej zagin\u0119\u0142o dw\u00f3ch obywateli Kanady. W zdarzeniu \u017cycie straci\u0142o 16 os\u00f3b, a&hellip;<\/p>\n","protected":false},"author":3,"featured_media":3675,"comment_status":"open","ping_status":"open","sticky":false,"template":"","format":"standard","meta":{"footnotes":""},"categories":[15,18],"tags":[],"class_list":["post-3674","post","type-post","status-publish","format-standard","has-post-thumbnail","hentry","category-swiat","category-top-news"],"_links":{"self":[{"href":"https:\/\/radiopoloniawinnipeg.com\/index.php\/wp-json\/wp\/v2\/posts\/3674","targetHints":{"allow":["GET"]}}],"collection":[{"href":"https:\/\/radiopoloniawinnipeg.com\/index.php\/wp-json\/wp\/v2\/posts"}],"about":[{"href":"https:\/\/radiopoloniawinnipeg.com\/index.php\/wp-json\/wp\/v2\/types\/post"}],"author":[{"embeddable":true,"href":"https:\/\/radiopoloniawinnipeg.com\/index.php\/wp-json\/wp\/v2\/users\/3"}],"replies":[{"embeddable":true,"href":"https:\/\/radiopoloniawinnipeg.com\/index.php\/wp-json\/wp\/v2\/comments?post=3674"}],"version-history":[{"count":0,"href":"https:\/\/radiopoloniawinnipeg.com\/index.php\/wp-json\/wp\/v2\/posts\/3674\/revisions"}],"wp:featuredmedia":[{"embeddable":true,"href":"https:\/\/radiopoloniawinnipeg.com\/index.php\/wp-json\/wp\/v2\/media\/3675"}],"wp:attachment":[{"href":"https:\/\/radiopoloniawinnipeg.com\/index.php\/wp-json\/wp\/v2\/media?parent=3674"}],"wp:term":[{"taxonomy":"category","embeddable":true,"href":"https:\/\/radiopoloniawinnipeg.com\/index.php\/wp-json\/wp\/v2\/categories?post=3674"},{"taxonomy":"post_tag","embeddable":true,"href":"https:\/\/radiopoloniawinnipeg.com\/index.php\/wp-json\/wp\/v2\/tags?post=3674"}],"curies":[{"name":"wp","href":"https:\/\/api.w.org\/{rel}","templated":true}]}}