{"id":3678,"date":"2025-09-05T13:30:08","date_gmt":"2025-09-05T17:30:08","guid":{"rendered":"https:\/\/radiopoloniawinnipeg.com\/index.php\/2025\/09\/05\/polski-duchowny-zatrzymany-na-bialorusi-pod-zarzutem-szpiegostwa\/"},"modified":"2025-09-05T13:30:08","modified_gmt":"2025-09-05T17:30:08","slug":"polski-duchowny-zatrzymany-na-bialorusi-pod-zarzutem-szpiegostwa","status":"publish","type":"post","link":"https:\/\/radiopoloniawinnipeg.com\/index.php\/2025\/09\/05\/polski-duchowny-zatrzymany-na-bialorusi-pod-zarzutem-szpiegostwa\/","title":{"rendered":"Polski duchowny zatrzymany na Bia\u0142orusi pod zarzutem szpiegostwa"},"content":{"rendered":"<p>W czwartek media na Bia\u0142orusi poda\u0142y, \u017ce tamtejsze s\u0142u\u017cby zatrzyma\u0142y obywatela Polski, oskar\u017caj\u0105c go o dzia\u0142alno\u015b\u0107 szpiegowsk\u0105.<br \/>\n\u2014 B\u0119dziemy udziela\u0107 zatrzymanemu wsparcia dyplomatycznego i prawnego poprzez nasz\u0105 ambasad\u0119. To ewidentna prowokacja, kt\u00f3rej celem jest destabilizacja sytuacji w Polsce i na Ukrainie \u2014 oceni\u0142 w pi\u0105tek podczas konferencji rzecznik polskiego MSZ Pawe\u0142 Wro\u0144ski.<\/p>\n<p>Przedstawiciel resortu przypomnia\u0142 r\u00f3wnie\u017c komunikat z 2022 roku: \u2014 Ministerstwo Spraw Zagranicznych stanowczo odradza podr\u00f3\u017ce na Bia\u0142oru\u015b. Polacy mog\u0105 napotka\u0107 tam zdarzenia niekorzystne dla ich bezpiecze\u0144stwa, to nie jest kraj demokratyczny \u2014 stwierdzi\u0142 rzecznik.<br \/>\n\u2014 Konsultowa\u0142em si\u0119 ze s\u0142u\u017cbami, rozmawia\u0142em te\u017c z ministrem Sikorskim w sprawie naszej odpowiedzi. Jedno jest jasne \u2014 oskar\u017cenia s\u0105 ca\u0142kowicie bezpodstawne. Wed\u0142ug w\u0142adz bia\u0142oruskich polski zakonnik mia\u0142 zdobywa\u0107 materia\u0142y dotycz\u0105ce \u0107wicze\u0144 Zapad. Nie mo\u017cemy tolerowa\u0107 takich prowokacji \u2014 o\u015bwiadczy\u0142 Donald Tusk. Zapowiedzia\u0142 r\u00f3wnie\u017c, \u017ce Polska podejmie dzia\u0142ania odwetowe, je\u015bli sprawa nie zostanie szybko wyja\u015bniona.<\/p>\n<p>Bia\u0142oruskie KGB uj\u0119\u0142o Polaka \u2014 poinformowa\u0142y w czwartek tamtejsze media pa\u0144stwowe, a wiadomo\u015b\u0107 przekaza\u0142a te\u017c rosyjska agencja TASS. Zatrzymany 27-latek z Krakowa zosta\u0142 oskar\u017cony o szpiegostwo, gdy\u017c mia\u0142 posiada\u0107 poufne materia\u0142y zwi\u0105zane z manewrami Zapad-2025.<br \/>\nWed\u0142ug przekazu bia\u0142oruskiej propagandy m\u0119\u017cczyzna zosta\u0142 schwytany w miejscowo\u015bci Lepel w obwodzie witebskim, gdzie mia\u0142 przy sobie kserokopie o\u015bmiu tajnych dokument\u00f3w dotycz\u0105cych \u0107wicze\u0144. Wraz z nim aresztowano obywatela Bia\u0142orusi.<br \/>\n\u201eZatrzymanie Polaka przez bia\u0142oruskie KGB to kolejna prowokacja re\u017cimu \u0141ukaszenki wymierzona w nasz kraj. Polskie s\u0142u\u017cby specjalne nie wykorzystuj\u0105 duchownych do zdobywania informacji o manewrach wojskowych\u201d \u2014 skomentowa\u0142 p\u00f3\u017aniej rzecznik ministra-koordynatora s\u0142u\u017cb specjalnych Jacek Dobrzy\u0144ski.<\/p>\n<p>\u0106wiczenia wojskowe Zapad-2025 zaplanowano na 12\u201316 wrze\u015bnia. Jak oceni\u0142 litewski wiceminister obrony Tomas Godliauskas, we\u017amie w nich udzia\u0142 maksymalnie 30 tysi\u0119cy \u017co\u0142nierzy: od 6 do 8 tys. na Bia\u0142orusi, kilka tysi\u0119cy w rosyjskim obwodzie kr\u00f3lewieckim, a reszta na terenie g\u0142\u0119bi Rosji.<\/p>\n","protected":false},"excerpt":{"rendered":"<p>W czwartek media na Bia\u0142orusi poda\u0142y, \u017ce tamtejsze s\u0142u\u017cby zatrzyma\u0142y obywatela Polski, oskar\u017caj\u0105c go o dzia\u0142alno\u015b\u0107 szpiegowsk\u0105. \u2014 B\u0119dziemy udziela\u0107 zatrzymanemu wsparcia dyplomatycznego i prawnego&hellip;<\/p>\n","protected":false},"author":3,"featured_media":3679,"comment_status":"open","ping_status":"open","sticky":false,"template":"","format":"standard","meta":{"footnotes":""},"categories":[14,18],"tags":[],"class_list":["post-3678","post","type-post","status-publish","format-standard","has-post-thumbnail","hentry","category-polska","category-top-news"],"_links":{"self":[{"href":"https:\/\/radiopoloniawinnipeg.com\/index.php\/wp-json\/wp\/v2\/posts\/3678","targetHints":{"allow":["GET"]}}],"collection":[{"href":"https:\/\/radiopoloniawinnipeg.com\/index.php\/wp-json\/wp\/v2\/posts"}],"about":[{"href":"https:\/\/radiopoloniawinnipeg.com\/index.php\/wp-json\/wp\/v2\/types\/post"}],"author":[{"embeddable":true,"href":"https:\/\/radiopoloniawinnipeg.com\/index.php\/wp-json\/wp\/v2\/users\/3"}],"replies":[{"embeddable":true,"href":"https:\/\/radiopoloniawinnipeg.com\/index.php\/wp-json\/wp\/v2\/comments?post=3678"}],"version-history":[{"count":0,"href":"https:\/\/radiopoloniawinnipeg.com\/index.php\/wp-json\/wp\/v2\/posts\/3678\/revisions"}],"wp:featuredmedia":[{"embeddable":true,"href":"https:\/\/radiopoloniawinnipeg.com\/index.php\/wp-json\/wp\/v2\/media\/3679"}],"wp:attachment":[{"href":"https:\/\/radiopoloniawinnipeg.com\/index.php\/wp-json\/wp\/v2\/media?parent=3678"}],"wp:term":[{"taxonomy":"category","embeddable":true,"href":"https:\/\/radiopoloniawinnipeg.com\/index.php\/wp-json\/wp\/v2\/categories?post=3678"},{"taxonomy":"post_tag","embeddable":true,"href":"https:\/\/radiopoloniawinnipeg.com\/index.php\/wp-json\/wp\/v2\/tags?post=3678"}],"curies":[{"name":"wp","href":"https:\/\/api.w.org\/{rel}","templated":true}]}}