{"id":3696,"date":"2025-09-06T13:30:08","date_gmt":"2025-09-06T17:30:08","guid":{"rendered":"https:\/\/radiopoloniawinnipeg.com\/index.php\/2025\/09\/06\/belgia-blokuje-przekazanie-ukrainie-zamrozonych-rosyjskich-aktywow\/"},"modified":"2025-09-06T13:30:08","modified_gmt":"2025-09-06T17:30:08","slug":"belgia-blokuje-przekazanie-ukrainie-zamrozonych-rosyjskich-aktywow","status":"publish","type":"post","link":"https:\/\/radiopoloniawinnipeg.com\/index.php\/2025\/09\/06\/belgia-blokuje-przekazanie-ukrainie-zamrozonych-rosyjskich-aktywow\/","title":{"rendered":"Belgia blokuje przekazanie Ukrainie zamro\u017conych rosyjskich aktyw\u00f3w"},"content":{"rendered":"<p>Belgia sprzeciwi\u0142a si\u0119 wyp\u0142acie Ukrainie \u015brodk\u00f3w pochodz\u0105cych z zamro\u017conych rosyjskich aktyw\u00f3w. Minister spraw zagranicznych Maxime Prevot wyja\u015bni\u0142, \u017ce taki krok zaszkodzi\u0142by reputacji kraju i \u201eos\u0142abi\u0142 zaufanie do euro\u201d.<\/p>\n<p>Belgijskie w\u0142adze nie popieraj\u0105 konfiskaty rosyjskich funduszy na rzecz Ukrainy, obawiaj\u0105c si\u0119 utraty wiarygodno\u015bci i os\u0142abienia pozycji wsp\u00f3lnej waluty. Szef belgijskiej dyplomacji zapewnia jednak, \u017ce jego kraj wesprze Kij\u00f3w innymi sposobami \u2013 m.in. dostawami samolot\u00f3w czy pomoc\u0105 przy rozminowywaniu.<br \/>\nZ kolei wicepremier W\u0142och ostrzeg\u0142, \u017ce przej\u0119cie rosyjskich pieni\u0119dzy bez jasnej podstawy prawnej mo\u017ce przynie\u015b\u0107 Unii Europejskiej powa\u017cne konsekwencje polityczne.<\/p>\n<p>W dyskusjach przyw\u00f3dc\u00f3w zachodnich regularnie powraca temat przeznaczenia zamro\u017conych rosyjskich \u015brodk\u00f3w na odbudow\u0119 Ukrainy. Cz\u0119\u015b\u0107 kraj\u00f3w wsp\u00f3lnoty popiera ten pomys\u0142, jednak Belgia jednoznacznie wnios\u0142a weto. \u2013 Konfiskata pa\u0144stwowych aktyw\u00f3w rosyjskich nie wchodzi dla Belgii w gr\u0119 \u2013 o\u015bwiadczy\u0142 Prevot.<br \/>\nDyplomata zaznaczy\u0142, \u017ce taki ruch uderzy\u0142by tak\u017ce w ca\u0142\u0105 Uni\u0119. \u2013 Podwa\u017cy\u0142by zaufanie do euro \u2013 podkre\u015bli\u0142.<\/p>\n<p>\u2013 By\u0142by to fatalny sygna\u0142 dla innych pa\u0144stw, kt\u00f3re r\u00f3wnie\u017c ulokowa\u0142y swoje aktywa w Brukseli lub innych miastach Europy \u2013 argumentowa\u0142 belgijski minister.<br \/>\nWicepremier W\u0142och Antonio Tajani r\u00f3wnie\u017c oceni\u0142, \u017ce cho\u0107 inicjatywa mo\u017ce wydawa\u0107 si\u0119 politycznie atrakcyjna, to bez podstawy prawnej sta\u0142aby si\u0119 prezentem dla W\u0142adimira Putina. \u2013 Decydowanie wbrew prawu mog\u0142oby obr\u00f3ci\u0107 si\u0119 przeciwko nam \u2013 wyja\u015bni\u0142.<\/p>\n<p>Do sprawy odnios\u0142a si\u0119 tak\u017ce wysoka przedstawiciel UE ds. polityki zagranicznej i bezpiecze\u0144stwa Kaja Kallas. Zasugerowa\u0142a, \u017ce Rosja mog\u0142aby odzyska\u0107 swoje aktywa ulokowane za granic\u0105 tylko pod warunkiem wyp\u0142aty Ukrainie reparacji wojennych.<\/p>\n<p>Przedstawiciel Belgii podkre\u015bli\u0142, \u017ce jego kraj aktywnie dzia\u0142a w ramach tzw. koalicji ch\u0119tnych, kt\u00f3rej celem jest zapewnienie Ukrainie gwarancji bezpiecze\u0144stwa i przygotowanie powojennej misji stabilizacyjnej.<br \/>\nPrevot potwierdzi\u0142, \u017ce Belgia dostarczy Kijowowi samoloty oraz wesprze rozminowywanie ukrai\u0144skich teren\u00f3w.<\/p>\n","protected":false},"excerpt":{"rendered":"<p>Belgia sprzeciwi\u0142a si\u0119 wyp\u0142acie Ukrainie \u015brodk\u00f3w pochodz\u0105cych z zamro\u017conych rosyjskich aktyw\u00f3w. Minister spraw zagranicznych Maxime Prevot wyja\u015bni\u0142, \u017ce taki krok zaszkodzi\u0142by reputacji kraju i \u201eos\u0142abi\u0142&hellip;<\/p>\n","protected":false},"author":3,"featured_media":3697,"comment_status":"open","ping_status":"open","sticky":false,"template":"","format":"standard","meta":{"footnotes":""},"categories":[15,18],"tags":[],"class_list":["post-3696","post","type-post","status-publish","format-standard","has-post-thumbnail","hentry","category-swiat","category-top-news"],"_links":{"self":[{"href":"https:\/\/radiopoloniawinnipeg.com\/index.php\/wp-json\/wp\/v2\/posts\/3696","targetHints":{"allow":["GET"]}}],"collection":[{"href":"https:\/\/radiopoloniawinnipeg.com\/index.php\/wp-json\/wp\/v2\/posts"}],"about":[{"href":"https:\/\/radiopoloniawinnipeg.com\/index.php\/wp-json\/wp\/v2\/types\/post"}],"author":[{"embeddable":true,"href":"https:\/\/radiopoloniawinnipeg.com\/index.php\/wp-json\/wp\/v2\/users\/3"}],"replies":[{"embeddable":true,"href":"https:\/\/radiopoloniawinnipeg.com\/index.php\/wp-json\/wp\/v2\/comments?post=3696"}],"version-history":[{"count":0,"href":"https:\/\/radiopoloniawinnipeg.com\/index.php\/wp-json\/wp\/v2\/posts\/3696\/revisions"}],"wp:featuredmedia":[{"embeddable":true,"href":"https:\/\/radiopoloniawinnipeg.com\/index.php\/wp-json\/wp\/v2\/media\/3697"}],"wp:attachment":[{"href":"https:\/\/radiopoloniawinnipeg.com\/index.php\/wp-json\/wp\/v2\/media?parent=3696"}],"wp:term":[{"taxonomy":"category","embeddable":true,"href":"https:\/\/radiopoloniawinnipeg.com\/index.php\/wp-json\/wp\/v2\/categories?post=3696"},{"taxonomy":"post_tag","embeddable":true,"href":"https:\/\/radiopoloniawinnipeg.com\/index.php\/wp-json\/wp\/v2\/tags?post=3696"}],"curies":[{"name":"wp","href":"https:\/\/api.w.org\/{rel}","templated":true}]}}