{"id":3710,"date":"2025-09-07T08:30:08","date_gmt":"2025-09-07T12:30:08","guid":{"rendered":"https:\/\/radiopoloniawinnipeg.com\/index.php\/2025\/09\/07\/15-letni-carlo-acutis-ma-zostac-pierwszym-swietym-pokolenia-milenialsow\/"},"modified":"2025-09-07T08:30:08","modified_gmt":"2025-09-07T12:30:08","slug":"15-letni-carlo-acutis-ma-zostac-pierwszym-swietym-pokolenia-milenialsow","status":"publish","type":"post","link":"https:\/\/radiopoloniawinnipeg.com\/index.php\/2025\/09\/07\/15-letni-carlo-acutis-ma-zostac-pierwszym-swietym-pokolenia-milenialsow\/","title":{"rendered":"15-letni Carlo Acutis ma zosta\u0107 pierwszym \u015bwi\u0119tym pokolenia milenials\u00f3w"},"content":{"rendered":"<p><strong><a href=\"https:\/\/bejsment.com\/wp-content\/uploads\/2025\/09\/accc-e1757199538561.png\"><img decoding=\"async\" loading=\"lazy\" class=\"aligncenter size-custom-full-size wp-image-222479\" src=\"https:\/\/bejsment.com\/wp-content\/uploads\/2025\/09\/accc-e1757199538561-636x380.png\" alt=\"\" width=\"636\" height=\"380\" \/><\/a>W ostatnich latach Carlo Acutis sta\u0142 si\u0119 dla m\u0142odych katolik\u00f3w postaci\u0105 o niemal gwiazdorskim statusie, gromadz\u0105c na ca\u0142ym \u015bwiecie rzesz\u0119 zwolennik\u00f3w, jakiej Ko\u015bci\u00f3\u0142 nie widzia\u0142 od setek lat.<\/strong><\/p>\n<p>W katolickiej szkole w mie\u015bcie narodzin papie\u017ca Leona XIV uczniowie klasy pi\u0105tej si\u0119gaj\u0105 po komiksy zatytu\u0142owane \u201eCyfrowy ucze\u0144\u201d, przedstawiaj\u0105ce \u017cycie Acutisa. Tworz\u0105 rysunki tapet, jakie nastoletni w\u0142oski pasjonat komputer\u00f3w m\u00f3g\u0142 mie\u0107 na swoim smartfonie, i dyskutuj\u0105 o cudach przypisywanych jego wstawiennictwu. W parafii i szkole b\u0142. Carla Acutisa w Chicago \u2013 pierwszej w USA nazwanej jego imieniem \u2013 w przeddzie\u0144 kanonizacji wszystko kr\u0119ci si\u0119 wok\u00f3\u0142 niego. Carlo zmar\u0142 w 2006 roku w wieku zaledwie 15 lat i ju\u017c wkr\u00f3tce zostanie og\u0142oszony pierwszym \u015bwi\u0119tym urodzonym w XXI wieku.<\/p>\n<p>Jak podkre\u015bla ks. Ed Howe, proboszcz parafii w p\u00f3\u0142nocno-zachodnim Chicago, Acutis nie jest ikon\u0105 formatu Matki Teresy czy Jana Paw\u0142a II, lecz raczej \u201e\u015bwi\u0119tym z s\u0105siedztwa\u201d. \u201eM\u0142odzi mog\u0105 dzi\u015b powiedzie\u0107: <em>ja te\u017c m\u00f3g\u0142bym by\u0107 takim \u015bwi\u0119tym<\/em>\u201d \u2013 dodaje.<\/p>\n<p>W najbli\u017csz\u0105 niedziel\u0119 papie\u017c Leo dokona jego kanonizacji, r\u00f3wnocze\u015bnie wynosz\u0105c na o\u0142tarze innego m\u0142odego W\u0142ocha \u2013 Pier Giorgio Frassatiego. Ceremonia mia\u0142a si\u0119 odby\u0107 wcze\u015bniej, ale zosta\u0142a prze\u0142o\u017cona po \u015bmierci Franciszka w kwietniu. To w\u0142a\u015bnie Franciszek szczeg\u00f3lnie zabiega\u0142 o \u015bwi\u0119to\u015b\u0107 Acutisa, przekonany, \u017ce taka posta\u0107 przyci\u0105gnie m\u0142odych do Ko\u015bcio\u0142a i poka\u017ce, jak zmierzy\u0107 si\u0119 z wyzwaniami ery cyfrowej.<\/p>\n<p><a href=\"https:\/\/bejsment.com\/wp-content\/uploads\/2025\/09\/accc2.webp\"><img decoding=\"async\" loading=\"lazy\" class=\"aligncenter size-custom-full-size wp-image-222480\" src=\"https:\/\/bejsment.com\/wp-content\/uploads\/2025\/09\/accc2-636x504.webp\" alt=\"\" width=\"636\" height=\"504\" \/><\/a>Carlo ju\u017c w dzieci\u0144stwie wyr\u00f3\u017cnia\u0142 si\u0119 niezwyk\u0142\u0105 znajomo\u015bci\u0105 komputer\u00f3w. Zanim pojawi\u0142y si\u0119 media spo\u0142eczno\u015bciowe, samodzielnie czyta\u0142 podr\u0119czniki akademickie o programowaniu i tworzy\u0142 profesjonalnie wygl\u0105daj\u0105ce strony internetowe. Mimo tego pozwala\u0142 sobie na granie tylko przez godzin\u0119 tygodniowo, u\u015bwiadamiaj\u0105c sobie wcze\u015bniej ni\u017c inni, \u017ce relacje w \u015bwiecie realnym s\u0105 wa\u017cniejsze od wirtualnych. Franciszek pisa\u0142 w 2019 roku, \u017ce Acutis dostrzega\u0142, jak reklama i social media mog\u0105 uzale\u017cnia\u0107, ale umia\u0142 je wykorzysta\u0107 do szerzenia warto\u015bci i pi\u0119kna wiary.<\/p>\n<p>Carlo urodzi\u0142 si\u0119 3 maja 1991 roku w Londynie w zamo\u017cnej, cho\u0107 niezbyt religijnej rodzinie katolickiej. Nied\u0142ugo p\u00f3\u017aniej rodzina wr\u00f3ci\u0142a do Mediolanu. W pa\u017adzierniku 2006 roku zachorowa\u0142 na ostr\u0105 bia\u0142aczk\u0119 i zmar\u0142 kilka dni p\u00f3\u017aniej. Spocz\u0105\u0142 w Asy\u017cu \u2013 mie\u015bcie \u015bw. Franciszka. Beatyfikowano go w 2020 roku, a po zatwierdzeniu drugiego cudu przez Franciszka w 2024 roku droga do kanonizacji zosta\u0142a otwarta.<\/p>\n<p>Po jego \u015bmierci Asy\u017c sta\u0142 si\u0119 celem pielgrzymek milion\u00f3w wiernych. Jego cia\u0142o, widoczne w szklanej trumnie, ubrane w d\u017cinsy, trampki Nike i bluz\u0119, przyci\u0105ga t\u0142umy. Dzi\u0119ki transmisji internetowej tak\u017ce ci, kt\u00f3rzy nie mog\u0105 przyjecha\u0107, maj\u0105 mo\u017cliwo\u015b\u0107 modlitwy przy jego grobie \u2013 w stopniu niedost\u0119pnym nawet dla papie\u017cy pochowanych w Watykanie.<\/p>\n<p>Dla wielu m\u0142odych Carlo by\u0142 zwyczajnym ch\u0142opcem z Mediolanu: chodzi\u0142 do szko\u0142y, gra\u0142 w pi\u0142k\u0119, kocha\u0142 zwierz\u0119ta. R\u00f3wnocze\u015bnie codziennie uczestniczy\u0142 we mszy, ni\u00f3s\u0142 jedzenie ubogim i inspirowa\u0142 w\u0142asnych rodzic\u00f3w do powrotu do praktyk religijnych. \u201eKiedy przeczyta\u0142am jego histori\u0119, by\u0142am w szoku \u2013 od najm\u0142odszych lat fascynowa\u0142 si\u0119 Jezusem i nie opuszcza\u0142 mszy\u201d \u2013 m\u00f3wi Sona Harrison, uczennica \u00f3smej klasy szko\u0142y \u015bw. Jana Berchmansa w Chicago.<\/p>\n<p>Znany jako \u201eBo\u017cy Influencer\u201d, Acutis stworzy\u0142 stron\u0119 internetow\u0105 dokumentuj\u0105c\u0105 tzw. cuda eucharystyczne. Portal, dost\u0119pny w blisko 20 j\u0119zykach, gromadzi dane o 196 niezwyk\u0142ych wydarzeniach zwi\u0105zanych z Eucharysti\u0105. Sam Carlo codziennie sp\u0119dza\u0142 d\u0142ugie godziny na adoracji Naj\u015bwi\u0119tszego Sakramentu. \u201eTo by\u0142a jego sta\u0142a praktyka\u201d \u2013 wspomina matka, Antonia Salzano, w filmie dokumentalnym pokazanym w pi\u0105tek w seminarium duchownym w Rzymie.<\/p>\n<p>W parafii jego imienia w Chicago przygotowania do niedzielnej uroczysto\u015bci id\u0105 pe\u0142n\u0105 par\u0105. Podczas szkolnej mszy dzieci wnosi\u0142y do kaplicy rzeczy, kt\u00f3re kojarzy\u0142y si\u0119 z Carlo \u2013 pi\u0142k\u0119, laptopa, plecak. Ks. Howe wyci\u0105ga\u0142 z plecaka przedmioty i t\u0142umaczy\u0142 najm\u0142odszym: puszk\u0119 jedzenia, kt\u00f3r\u0105 Carlo m\u00f3g\u0142 podzieli\u0107 si\u0119 z bezdomnym, czy r\u00f3\u017caniec, kt\u00f3rym si\u0119 modli\u0142.<\/p>\n<p>\u201ePomaga\u0142 biednym, troszczy\u0142 si\u0119 o innych\u201d \u2013 powiedzia\u0142 9-letni David Cameron. Ch\u0142opiec, fan Sonica, Minecrafta i Halo, najbardziej podziwia w Acutisie jego samodyscyplin\u0119. \u201eOn gra\u0142 w gry tylko godzin\u0119 tygodniowo \u2013 ja bym chyba tak nie umia\u0142\u201d \u2013 doda\u0142 z podziwem.<\/p>\n","protected":false},"excerpt":{"rendered":"<p>W ostatnich latach Carlo Acutis sta\u0142 si\u0119 dla m\u0142odych katolik\u00f3w postaci\u0105 o niemal gwiazdorskim statusie, gromadz\u0105c na ca\u0142ym \u015bwiecie rzesz\u0119 zwolennik\u00f3w, jakiej Ko\u015bci\u00f3\u0142 nie widzia\u0142&hellip;<\/p>\n","protected":false},"author":3,"featured_media":3711,"comment_status":"open","ping_status":"open","sticky":false,"template":"","format":"standard","meta":{"footnotes":""},"categories":[15,18],"tags":[],"class_list":["post-3710","post","type-post","status-publish","format-standard","has-post-thumbnail","hentry","category-swiat","category-top-news"],"_links":{"self":[{"href":"https:\/\/radiopoloniawinnipeg.com\/index.php\/wp-json\/wp\/v2\/posts\/3710","targetHints":{"allow":["GET"]}}],"collection":[{"href":"https:\/\/radiopoloniawinnipeg.com\/index.php\/wp-json\/wp\/v2\/posts"}],"about":[{"href":"https:\/\/radiopoloniawinnipeg.com\/index.php\/wp-json\/wp\/v2\/types\/post"}],"author":[{"embeddable":true,"href":"https:\/\/radiopoloniawinnipeg.com\/index.php\/wp-json\/wp\/v2\/users\/3"}],"replies":[{"embeddable":true,"href":"https:\/\/radiopoloniawinnipeg.com\/index.php\/wp-json\/wp\/v2\/comments?post=3710"}],"version-history":[{"count":0,"href":"https:\/\/radiopoloniawinnipeg.com\/index.php\/wp-json\/wp\/v2\/posts\/3710\/revisions"}],"wp:featuredmedia":[{"embeddable":true,"href":"https:\/\/radiopoloniawinnipeg.com\/index.php\/wp-json\/wp\/v2\/media\/3711"}],"wp:attachment":[{"href":"https:\/\/radiopoloniawinnipeg.com\/index.php\/wp-json\/wp\/v2\/media?parent=3710"}],"wp:term":[{"taxonomy":"category","embeddable":true,"href":"https:\/\/radiopoloniawinnipeg.com\/index.php\/wp-json\/wp\/v2\/categories?post=3710"},{"taxonomy":"post_tag","embeddable":true,"href":"https:\/\/radiopoloniawinnipeg.com\/index.php\/wp-json\/wp\/v2\/tags?post=3710"}],"curies":[{"name":"wp","href":"https:\/\/api.w.org\/{rel}","templated":true}]}}