{"id":3718,"date":"2025-09-07T15:30:08","date_gmt":"2025-09-07T19:30:08","guid":{"rendered":"https:\/\/radiopoloniawinnipeg.com\/index.php\/2025\/09\/07\/grzegorza-braun-z-czarna-opaska-na-oku\/"},"modified":"2025-09-07T15:30:08","modified_gmt":"2025-09-07T19:30:08","slug":"grzegorza-braun-z-czarna-opaska-na-oku","status":"publish","type":"post","link":"https:\/\/radiopoloniawinnipeg.com\/index.php\/2025\/09\/07\/grzegorza-braun-z-czarna-opaska-na-oku\/","title":{"rendered":"Grzegorza Braun z czarn\u0105 opask\u0105 na oku"},"content":{"rendered":"<p>Grzegorz Braun od pewnego czasu wyst\u0119puje publicznie z czarn\u0105 opask\u0105 zakrywaj\u0105c\u0105 lewe oko. Europose\u0142 oraz lider Konfederacji Korony Polskiej w programie Dawida Mysiora \u201eSprawki Okiem Katolika\u201d ujawni\u0142 pow\u00f3d. Wyja\u015bni\u0142, \u017ce cierpi na powa\u017cne problemy z lewym okiem i musia\u0142 przej\u015b\u0107 operacj\u0119. Zabieg jednak zako\u0144czy\u0142 si\u0119 niepowodzeniem.<br \/>\nPolityk przyzna\u0142 w rozmowie na YouTube, \u017ce przeszed\u0142 operacj\u0119, kt\u00f3ra nie przynios\u0142a oczekiwanego efektu, dlatego teraz szuka kolejnych mo\u017cliwo\u015bci leczenia. Mimo \u017ce prognozy lekarzy nie s\u0105 dla niego najlepsze, Braun zachowuje pogod\u0119 ducha.<\/p>\n<p>Jak wyja\u015bni\u0142, problemem jest siatk\u00f3wka oka, kt\u00f3ra bez wyra\u017anej przyczyny oderwa\u0142a si\u0119 i odwarstwi\u0142a.<br \/>\n\u201ePo prostu czasem si\u0119 tak zdarzy, \u017ce si\u0119 oderwie\u201d \u2014 t\u0142umaczy\u0142 polityk.<br \/>\nZ tego wzgl\u0119du musia\u0142 podda\u0107 si\u0119 operacji.<br \/>\n\u201ePodda\u0142em si\u0119 spokojnie badaniom, diagnozom i zabiegowi, kt\u00f3ry mia\u0142 t\u0119 sytuacj\u0119 naprawi\u0107. Nie naprawi\u0142, wi\u0119c trzeba si\u0119 nauczy\u0107 \u017cy\u0107 z tym, co jest\u201d \u2014 relacjonowa\u0142 Braun.<\/p>\n<p>Polityk podkre\u015bli\u0142, \u017ce b\u0119dzie nadal pr\u00f3bowa\u0142 ratowa\u0107 wzrok w lewym oku, ale zdaje sobie spraw\u0119, \u017ce mo\u017ce go straci\u0107.<br \/>\n\u201eMo\u017ce ju\u017c si\u0119 wystarczaj\u0105co napatrzy\u0142em i jako\u015b trzeba si\u0119 z tym pogodzi\u0107. Jedyna realna trudno\u015b\u0107 to tempo czytania, bo na dwoje oczu idzie szybciej\u201d \u2014 stwierdzi\u0142 europose\u0142.<\/p>\n<p>W rozmowie odni\u00f3s\u0142 si\u0119 r\u00f3wnie\u017c do \u017cart\u00f3w i mem\u00f3w dotycz\u0105cych jego opaski, przyznaj\u0105c, \u017ce uwa\u017ca je za \u201eznakomite\u201d.<br \/>\n\u201eKiedy wydaje si\u0119, \u017ce ju\u017c wszystko widzieli\u015bmy, internet i kreatywno\u015b\u0107 rodak\u00f3w naprawd\u0119 potrafi\u0105 mnie rozbawi\u0107\u201d \u2014 doda\u0142.<\/p>\n<p>Odwarstwienie siatk\u00f3wki to choroba polegaj\u0105ca na oddzieleniu jej od wewn\u0119trznej warstwy oka. Cz\u0119sto przebiega bezobjawowo, a w konsekwencji mo\u017ce prowadzi\u0107 do zaburze\u0144 widzenia lub nawet ca\u0142kowitej utraty wzroku.<\/p>\n","protected":false},"excerpt":{"rendered":"<p>Grzegorz Braun od pewnego czasu wyst\u0119puje publicznie z czarn\u0105 opask\u0105 zakrywaj\u0105c\u0105 lewe oko. Europose\u0142 oraz lider Konfederacji Korony Polskiej w programie Dawida Mysiora \u201eSprawki Okiem&hellip;<\/p>\n","protected":false},"author":3,"featured_media":3719,"comment_status":"open","ping_status":"open","sticky":false,"template":"","format":"standard","meta":{"footnotes":""},"categories":[14,18],"tags":[],"class_list":["post-3718","post","type-post","status-publish","format-standard","has-post-thumbnail","hentry","category-polska","category-top-news"],"_links":{"self":[{"href":"https:\/\/radiopoloniawinnipeg.com\/index.php\/wp-json\/wp\/v2\/posts\/3718","targetHints":{"allow":["GET"]}}],"collection":[{"href":"https:\/\/radiopoloniawinnipeg.com\/index.php\/wp-json\/wp\/v2\/posts"}],"about":[{"href":"https:\/\/radiopoloniawinnipeg.com\/index.php\/wp-json\/wp\/v2\/types\/post"}],"author":[{"embeddable":true,"href":"https:\/\/radiopoloniawinnipeg.com\/index.php\/wp-json\/wp\/v2\/users\/3"}],"replies":[{"embeddable":true,"href":"https:\/\/radiopoloniawinnipeg.com\/index.php\/wp-json\/wp\/v2\/comments?post=3718"}],"version-history":[{"count":0,"href":"https:\/\/radiopoloniawinnipeg.com\/index.php\/wp-json\/wp\/v2\/posts\/3718\/revisions"}],"wp:featuredmedia":[{"embeddable":true,"href":"https:\/\/radiopoloniawinnipeg.com\/index.php\/wp-json\/wp\/v2\/media\/3719"}],"wp:attachment":[{"href":"https:\/\/radiopoloniawinnipeg.com\/index.php\/wp-json\/wp\/v2\/media?parent=3718"}],"wp:term":[{"taxonomy":"category","embeddable":true,"href":"https:\/\/radiopoloniawinnipeg.com\/index.php\/wp-json\/wp\/v2\/categories?post=3718"},{"taxonomy":"post_tag","embeddable":true,"href":"https:\/\/radiopoloniawinnipeg.com\/index.php\/wp-json\/wp\/v2\/tags?post=3718"}],"curies":[{"name":"wp","href":"https:\/\/api.w.org\/{rel}","templated":true}]}}