{"id":3722,"date":"2025-09-07T18:15:04","date_gmt":"2025-09-07T22:15:04","guid":{"rendered":"https:\/\/radiopoloniawinnipeg.com\/index.php\/2025\/09\/07\/mark-zuckerberg-pozywa-mete-miarka-sie-przebrala\/"},"modified":"2025-09-07T18:15:04","modified_gmt":"2025-09-07T22:15:04","slug":"mark-zuckerberg-pozywa-mete-miarka-sie-przebrala","status":"publish","type":"post","link":"https:\/\/radiopoloniawinnipeg.com\/index.php\/2025\/09\/07\/mark-zuckerberg-pozywa-mete-miarka-sie-przebrala\/","title":{"rendered":"Mark Zuckerberg pozywa Met\u0119. Miarka si\u0119 przebra\u0142a"},"content":{"rendered":"<p>Mark Zuckerberg skierowa\u0142 pozew przeciwko korporacji Meta. Adwokat z Indiany, specjalizuj\u0105cy si\u0119 w sprawach upad\u0142o\u015bciowych, ma ju\u017c do\u015b\u0107 tego, \u017ce od lat jest mylony z tw\u00f3rc\u0105 Facebooka. Noszenie tego samego nazwiska przynosi mu g\u0142\u00f3wnie negatywne skutki.<\/p>\n<p>Mark S. Zuckerberg \u2013 kt\u00f3rego histori\u0119 opisuje Sky News \u2013 twierdzi, \u017ce jego konto na Facebooku jest \u201eci\u0105gle w\u0142amywane\u201d, ma trudno\u015bci z dokonywaniem rezerwacji, a dodatkowo regularnie otrzymuje pro\u015bby o pieni\u0105dze, poniewa\u017c ludzie uto\u017csamiaj\u0105 go z miliarderem i w\u0142a\u015bcicielem Meta Platforms.<\/p>\n<p>W latach 2022\u20132025 prawnik zap\u0142aci\u0142 Meta ponad 11 tys. dolar\u00f3w za reklamy swojej kancelarii. Og\u0142oszenia, kt\u00f3re mia\u0142y przyci\u0105ga\u0107 klient\u00f3w, by\u0142y jednak systematycznie blokowane na Facebooku pod pretekstem \u201epodszywania si\u0119 pod znan\u0105 osob\u0119\u201d i \u201epos\u0142ugiwania si\u0119 fa\u0142szywym nazwiskiem\u201d \u2013 wynika z tre\u015bci pozwu.<\/p>\n<p>Mark S. Zuckerberg nie ma jednak nic wsp\u00f3lnego z Markiem E. Zuckerbergiem (za\u0142o\u017cyciel Meta ma na drugie imi\u0119 Elliot). Problemy wynikaj\u0105ce z przypadkowej zbie\u017cno\u015bci nazwisk opisa\u0142 w internecie w artykule zatytu\u0142owanym: \u201eRzeczy, kt\u00f3re mi si\u0119 przytrafi\u0142y, poniewa\u017c nazywam si\u0119 Mark S. Zuckerberg (daj\u0119 temu zero polubie\u0144)\u201d.<\/p>\n<p>Adwokat przytoczy\u0142 tam m.in. spraw\u0119 s\u0105dow\u0105 wszcz\u0119t\u0105 przeciwko niemu przez w\u0142adze stanu Waszyngton, kt\u00f3re uzna\u0142y go za w\u0142a\u015bciciela Meta. Szczeg\u00f3\u0142owo opisuje te\u017c w\u0142amania na swoje konto na Facebooku oraz sytuacje, w kt\u00f3rych firmy odmawia\u0142y mu rezerwacji, s\u0105dz\u0105c, \u017ce to \u017cart. Zdarza si\u0119 r\u00f3wnie\u017c, \u017ce kontaktuj\u0105 si\u0119 z nim osoby podaj\u0105ce si\u0119 za rodzin\u0119 i prosz\u0105 o pieni\u0105dze.<\/p>\n<p>Sky News przytoczy\u0142 tre\u015b\u0107 wiadomo\u015bci, jak\u0105 Mark S. Zuckerberg wys\u0142a\u0142 do Meta po kolejnym zablokowaniu konta. \u201eJe\u015bli przypadkiem spotkacie m\u0142odszego, bogatszego Marka Zuckerberga, przeka\u017ccie mu pozdrowienia i powiedzcie, \u017ce codziennie dzia\u0142a mi na nerwy\u201d.<\/p>\n<p>Od lat zmaga si\u0119 z Facebookiem \u2013 po ka\u017cdej dezaktywacji konta potwierdza swoj\u0105 to\u017csamo\u015b\u0107 dokumentami pa\u0144stwowymi, lecz z niejasnych przyczyn Meta nigdy nie rozwi\u0105za\u0142a problemu, nadaj\u0105c mu status konta zweryfikowanego. W jednej z pr\u00f3\u015bb pisa\u0142: \u201eNie zale\u017cy mi na wywo\u0142ywaniu k\u0142opot\u00f3w, chc\u0119 tylko, by moje konto zosta\u0142o odblokowane i bym m\u00f3g\u0142 spokojnie korzysta\u0107 z serwisu\u201d.<\/p>\n<p>Teraz jednak jego cierpliwo\u015b\u0107 si\u0119 sko\u0144czy\u0142a. \u201eTo ju\u017c nie jest zabawne \u2013 nie, je\u015bli kosztuje mnie to pieni\u0105dze\u201d \u2013 stwierdzi\u0142 Mark S. Zuckerberg w rozmowie z mediami w Indianie. W pozwie skierowanym do s\u0105du prawnik oskar\u017ca Met\u0119 o utrudnianie mu \u201epe\u0142nego korzystania, odnoszenia korzy\u015bci i czerpania satysfakcji\u201d z w\u0142asnego nazwiska, kt\u00f3re \u2013 jak podkre\u015bla \u2013 nosi od dawna, jeszcze zanim na \u015bwiecie pojawi\u0142 si\u0119 s\u0142ynny za\u0142o\u017cyciel Facebooka.<\/p>\n","protected":false},"excerpt":{"rendered":"<p>Mark Zuckerberg skierowa\u0142 pozew przeciwko korporacji Meta. Adwokat z Indiany, specjalizuj\u0105cy si\u0119 w sprawach upad\u0142o\u015bciowych, ma ju\u017c do\u015b\u0107 tego, \u017ce od lat jest mylony z&hellip;<\/p>\n","protected":false},"author":3,"featured_media":3723,"comment_status":"open","ping_status":"open","sticky":false,"template":"","format":"standard","meta":{"footnotes":""},"categories":[15,18],"tags":[],"class_list":["post-3722","post","type-post","status-publish","format-standard","has-post-thumbnail","hentry","category-swiat","category-top-news"],"_links":{"self":[{"href":"https:\/\/radiopoloniawinnipeg.com\/index.php\/wp-json\/wp\/v2\/posts\/3722","targetHints":{"allow":["GET"]}}],"collection":[{"href":"https:\/\/radiopoloniawinnipeg.com\/index.php\/wp-json\/wp\/v2\/posts"}],"about":[{"href":"https:\/\/radiopoloniawinnipeg.com\/index.php\/wp-json\/wp\/v2\/types\/post"}],"author":[{"embeddable":true,"href":"https:\/\/radiopoloniawinnipeg.com\/index.php\/wp-json\/wp\/v2\/users\/3"}],"replies":[{"embeddable":true,"href":"https:\/\/radiopoloniawinnipeg.com\/index.php\/wp-json\/wp\/v2\/comments?post=3722"}],"version-history":[{"count":0,"href":"https:\/\/radiopoloniawinnipeg.com\/index.php\/wp-json\/wp\/v2\/posts\/3722\/revisions"}],"wp:featuredmedia":[{"embeddable":true,"href":"https:\/\/radiopoloniawinnipeg.com\/index.php\/wp-json\/wp\/v2\/media\/3723"}],"wp:attachment":[{"href":"https:\/\/radiopoloniawinnipeg.com\/index.php\/wp-json\/wp\/v2\/media?parent=3722"}],"wp:term":[{"taxonomy":"category","embeddable":true,"href":"https:\/\/radiopoloniawinnipeg.com\/index.php\/wp-json\/wp\/v2\/categories?post=3722"},{"taxonomy":"post_tag","embeddable":true,"href":"https:\/\/radiopoloniawinnipeg.com\/index.php\/wp-json\/wp\/v2\/tags?post=3722"}],"curies":[{"name":"wp","href":"https:\/\/api.w.org\/{rel}","templated":true}]}}