{"id":3736,"date":"2025-09-08T12:30:06","date_gmt":"2025-09-08T16:30:06","guid":{"rendered":"https:\/\/radiopoloniawinnipeg.com\/index.php\/2025\/09\/08\/prezydent-nawrocki-w-wilnie-polska-i-litwa-razem-wobec-zagrozenia-z-rosji\/"},"modified":"2025-09-08T12:30:06","modified_gmt":"2025-09-08T16:30:06","slug":"prezydent-nawrocki-w-wilnie-polska-i-litwa-razem-wobec-zagrozenia-z-rosji","status":"publish","type":"post","link":"https:\/\/radiopoloniawinnipeg.com\/index.php\/2025\/09\/08\/prezydent-nawrocki-w-wilnie-polska-i-litwa-razem-wobec-zagrozenia-z-rosji\/","title":{"rendered":"Prezydent Nawrocki w Wilnie: Polska i Litwa razem wobec zagro\u017cenia z Rosji"},"content":{"rendered":"<p><img decoding=\"async\" loading=\"lazy\" class=\"aligncenter size-custom-full-size wp-image-222558\" src=\"https:\/\/bejsment.com\/wp-content\/uploads\/2025\/09\/aanawrockinauseda-636x358.jpg\" alt=\"\" width=\"636\" height=\"358\" \/><\/p>\n<p><strong>Prezydent Karol Nawrocki z\u0142o\u017cy\u0142 w poniedzia\u0142ek wizyt\u0119 na Litwie, gdzie wraz z prezydentem Gitanasem Naused\u0105 rozmawia\u0142 o wsp\u00f3lnych wyzwaniach i zagro\u017ceniach w regionie. Podczas konferencji prasowej w Wilnie podkre\u015bla\u0142, \u017ce Polska i Litwa s\u0105 bliskimi sojusznikami w NATO i Unii Europejskiej, a tak\u017ce \u017ce oba kraje \u2013 podobnie jak pa\u0144stwa skandynawskie i Europa \u015arodkowo-Wschodnia \u2013 musz\u0105 zachowa\u0107 jedno\u015b\u0107 wobec niebezpiecze\u0144stwa p\u0142yn\u0105cego z Rosji.<\/strong><\/p>\n<p>\u2013 Jeste\u015bmy nie tylko tym zaniepokojeni, bo znamy ducha Federacji Rosyjskiej, ale potrafimy te\u017c na to wsp\u00f3lnie reagowa\u0107. O tym w\u0142a\u015bnie rozmawiali\u015bmy \u2013 m\u00f3wi\u0142 Nawrocki, wskazuj\u0105c na potrzeb\u0119 koordynacji w obliczu wojny hybrydowej tocz\u0105cej si\u0119 tu\u017c przy granicach. Prezydent doda\u0142, \u017ce spotkanie dotyczy\u0142o tak\u017ce dalszej wsp\u00f3\u0142pracy wojskowej obu kraj\u00f3w, zar\u00f3wno bilateralnej, jak i w ramach NATO oraz UE, a tak\u017ce zagadnie\u0144 gospodarczych i infrastrukturalnych.<\/p>\n<p>Prezydent Nauseda w swoim wyst\u0105pieniu podkre\u015bli\u0142 z kolei znaczenie wsp\u00f3\u0142pracy gospodarczej. \u2013 Polska jest najwi\u0119kszym partnerem handlowym Litwy. Wymiana si\u0119ga prawie 10 miliard\u00f3w euro rocznie. Chcemy rozwija\u0107 projekty w dziedzinie obronno\u015bci, nowych technologii, energetyki i transportu \u2013 zaznaczy\u0142. Litwa, jak doda\u0142, uniezale\u017cni\u0142a si\u0119 ca\u0142kowicie od rosyjskich surowc\u00f3w energetycznych i pozostaje otwarta na inwestycje polskiego Orlenu.<\/p>\n<p>Rozmowy dotyczy\u0142y tak\u017ce zwi\u0119kszenia wydatk\u00f3w obronnych do poziomu 5 proc. PKB, wojny w Ukrainie oraz wsparcia Kijowa w procesie akcesji do Unii Europejskiej.<\/p>\n<p>W programie wizyty Nawrockiego w Wilnie znalaz\u0142y si\u0119 r\u00f3wnie\u017c akcenty historyczne. Prezydent odwiedzi Ostr\u0105 Bram\u0119 oraz dwa cmentarze \u2013 na Antokolu i na Rossie \u2013 sk\u0142adaj\u0105c wie\u0144ce w miejscach wa\u017cnych dla polskiej i litewskiej historii. Spotka si\u0119 tak\u017ce z przewodnicz\u0105cym Sejmu Sauliusem Skvernelisem i przedstawicielami polskiej mniejszo\u015bci na Litwie. Planowane jest r\u00f3wnie\u017c spotkanie z desygnowan\u0105 na premier Ing\u0105 Ruginiene.<\/p>\n<p>Litwa jest kolejnym etapem podr\u00f3\u017cy zagranicznych Nawrockiego od czasu zaprzysi\u0119\u017cenia 6 sierpnia. Wcze\u015bniej odwiedzi\u0142 ju\u017c Watykan, W\u0142ochy i Stany Zjednoczone. W poniedzia\u0142kowy wiecz\u00f3r prezydent uda si\u0119 do Helsinek, gdzie we wtorek spotka si\u0119 z prezydentem Finlandii Alexandrem Stubbem.<\/p>\n<p style=\"text-align: right\"><em>Na podst. Polsat News<\/em><\/p>\n","protected":false},"excerpt":{"rendered":"<p>Prezydent Karol Nawrocki z\u0142o\u017cy\u0142 w poniedzia\u0142ek wizyt\u0119 na Litwie, gdzie wraz z prezydentem Gitanasem Naused\u0105 rozmawia\u0142 o wsp\u00f3lnych wyzwaniach i zagro\u017ceniach w regionie. Podczas konferencji&hellip;<\/p>\n","protected":false},"author":3,"featured_media":3737,"comment_status":"open","ping_status":"open","sticky":false,"template":"","format":"standard","meta":{"footnotes":""},"categories":[15,18],"tags":[],"class_list":["post-3736","post","type-post","status-publish","format-standard","has-post-thumbnail","hentry","category-swiat","category-top-news"],"_links":{"self":[{"href":"https:\/\/radiopoloniawinnipeg.com\/index.php\/wp-json\/wp\/v2\/posts\/3736","targetHints":{"allow":["GET"]}}],"collection":[{"href":"https:\/\/radiopoloniawinnipeg.com\/index.php\/wp-json\/wp\/v2\/posts"}],"about":[{"href":"https:\/\/radiopoloniawinnipeg.com\/index.php\/wp-json\/wp\/v2\/types\/post"}],"author":[{"embeddable":true,"href":"https:\/\/radiopoloniawinnipeg.com\/index.php\/wp-json\/wp\/v2\/users\/3"}],"replies":[{"embeddable":true,"href":"https:\/\/radiopoloniawinnipeg.com\/index.php\/wp-json\/wp\/v2\/comments?post=3736"}],"version-history":[{"count":0,"href":"https:\/\/radiopoloniawinnipeg.com\/index.php\/wp-json\/wp\/v2\/posts\/3736\/revisions"}],"wp:featuredmedia":[{"embeddable":true,"href":"https:\/\/radiopoloniawinnipeg.com\/index.php\/wp-json\/wp\/v2\/media\/3737"}],"wp:attachment":[{"href":"https:\/\/radiopoloniawinnipeg.com\/index.php\/wp-json\/wp\/v2\/media?parent=3736"}],"wp:term":[{"taxonomy":"category","embeddable":true,"href":"https:\/\/radiopoloniawinnipeg.com\/index.php\/wp-json\/wp\/v2\/categories?post=3736"},{"taxonomy":"post_tag","embeddable":true,"href":"https:\/\/radiopoloniawinnipeg.com\/index.php\/wp-json\/wp\/v2\/tags?post=3736"}],"curies":[{"name":"wp","href":"https:\/\/api.w.org\/{rel}","templated":true}]}}