{"id":3738,"date":"2025-09-08T14:30:08","date_gmt":"2025-09-08T18:30:08","guid":{"rendered":"https:\/\/radiopoloniawinnipeg.com\/index.php\/2025\/09\/08\/wojna-na-linii-trzaskowski-kierwinski\/"},"modified":"2025-09-08T14:30:08","modified_gmt":"2025-09-08T18:30:08","slug":"wojna-na-linii-trzaskowski-kierwinski","status":"publish","type":"post","link":"https:\/\/radiopoloniawinnipeg.com\/index.php\/2025\/09\/08\/wojna-na-linii-trzaskowski-kierwinski\/","title":{"rendered":"Wojna na linii Trzaskowski-Kierwi\u0144ski"},"content":{"rendered":"<p><img decoding=\"async\" loading=\"lazy\" class=\"aligncenter size-custom-full-size wp-image-222568\" src=\"https:\/\/bejsment.com\/wp-content\/uploads\/2025\/09\/aakierwitrzasko-636x424.jpg\" alt=\"\" width=\"636\" height=\"424\" \/><\/p>\n<p><strong>W Platformie Obywatelskiej narasta konflikt na linii Rafa\u0142 Trzaskowski \u2013 Marcin Kierwi\u0144ski. Wed\u0142ug ustale\u0144 \u201eWprost\u201d po przegranych wyborach prezydenckich przez Trzaskowskiego w stolicy rozgorza\u0142a polityczna wojna mi\u0119dzy prezydentem Warszawy a szefem warszawskich struktur PO, pe\u0142ni\u0105cym jednocze\u015bnie funkcj\u0119 ministra spraw wewn\u0119trznych i administracji.<\/strong><\/p>\n<p>Osi\u0105 sporu sta\u0142 si\u0119 projekt nocnego zakazu sprzeda\u017cy alkoholu. Prezydent Warszawy zaproponowa\u0142 wprowadzenie ograniczenia od godziny 23 do 6 rano, z trzymiesi\u0119cznym okresem przej\u015bciowym. Jak twierdz\u0105 informatorzy tygodnika, Kierwi\u0144ski mia\u0142 wywiera\u0107 naciski na radnych, by odrzucili ten projekt.<\/p>\n<p>\u2013 Kierwi\u0144ski traktuje spraw\u0119 ambicjonalnie, osobi\u015bcie dzwoni do radnych i przestrzega ich przed poparciem inicjatywy Trzaskowskiego \u2013 m\u00f3wi jeden z warszawskich polityk\u00f3w.<\/p>\n<p>Na politycznej gie\u0142dzie pojawiaj\u0105 si\u0119 tak\u017ce spekulacje dotycz\u0105ce przysz\u0142o\u015bci Trzaskowskiego na scenie og\u00f3lnopolskiej. Wed\u0142ug \u201eRzeczpospolitej\u201d rozwa\u017cany jest scenariusz, w kt\u00f3rym Rados\u0142aw Sikorski mia\u0142by obj\u0105\u0107 urz\u0105d premiera, Donald Tusk pozosta\u0107 liderem Koalicji Obywatelskiej, a Trzaskowski zosta\u0142by ministrem spraw zagranicznych.<\/p>\n<p>\u2013 Sikorski i Trzaskowski to politycy merytoryczni, kt\u00f3rzy poradziliby sobie na tych stanowiskach \u2013 komentuje europos\u0142anka Hanna Gronkiewicz-Waltz.<\/p>\n<p>Sam Trzaskowski pozostaje w cieniu, jednak na trzeci tydzie\u0144 wrze\u015bnia zapowiada swoje nowe wyst\u0105pienia. W ostatnich tygodniach obj\u0105\u0142 funkcj\u0119 prezesa ruchu samorz\u0105dowego \u201eTak! Dla Polski\u201d i zapowiedzia\u0142 powr\u00f3t Campus Polska.<\/p>\n<p>Jak ustali\u0142a \u201eRz\u201d, Donald Tusk na razie nie zamierza rezygnowa\u0107 ani z funkcji premiera, ani z przyw\u00f3dztwa w PO. Niewykluczone jednak, \u017ce w razie trwa\u0142ej utraty pozycji lidera przez parti\u0119, w grze ponownie znajd\u0105 si\u0119 nazwiska Sikorskiego i Trzaskowskiego.<\/p>\n<p style=\"text-align: right\"><em>Na podst. Wprost i Rzeczpospolita<\/em><\/p>\n","protected":false},"excerpt":{"rendered":"<p>W Platformie Obywatelskiej narasta konflikt na linii Rafa\u0142 Trzaskowski \u2013 Marcin Kierwi\u0144ski. Wed\u0142ug ustale\u0144 \u201eWprost\u201d po przegranych wyborach prezydenckich przez Trzaskowskiego w stolicy rozgorza\u0142a polityczna&hellip;<\/p>\n","protected":false},"author":3,"featured_media":3739,"comment_status":"open","ping_status":"open","sticky":false,"template":"","format":"standard","meta":{"footnotes":""},"categories":[14,18],"tags":[],"class_list":["post-3738","post","type-post","status-publish","format-standard","has-post-thumbnail","hentry","category-polska","category-top-news"],"_links":{"self":[{"href":"https:\/\/radiopoloniawinnipeg.com\/index.php\/wp-json\/wp\/v2\/posts\/3738","targetHints":{"allow":["GET"]}}],"collection":[{"href":"https:\/\/radiopoloniawinnipeg.com\/index.php\/wp-json\/wp\/v2\/posts"}],"about":[{"href":"https:\/\/radiopoloniawinnipeg.com\/index.php\/wp-json\/wp\/v2\/types\/post"}],"author":[{"embeddable":true,"href":"https:\/\/radiopoloniawinnipeg.com\/index.php\/wp-json\/wp\/v2\/users\/3"}],"replies":[{"embeddable":true,"href":"https:\/\/radiopoloniawinnipeg.com\/index.php\/wp-json\/wp\/v2\/comments?post=3738"}],"version-history":[{"count":0,"href":"https:\/\/radiopoloniawinnipeg.com\/index.php\/wp-json\/wp\/v2\/posts\/3738\/revisions"}],"wp:featuredmedia":[{"embeddable":true,"href":"https:\/\/radiopoloniawinnipeg.com\/index.php\/wp-json\/wp\/v2\/media\/3739"}],"wp:attachment":[{"href":"https:\/\/radiopoloniawinnipeg.com\/index.php\/wp-json\/wp\/v2\/media?parent=3738"}],"wp:term":[{"taxonomy":"category","embeddable":true,"href":"https:\/\/radiopoloniawinnipeg.com\/index.php\/wp-json\/wp\/v2\/categories?post=3738"},{"taxonomy":"post_tag","embeddable":true,"href":"https:\/\/radiopoloniawinnipeg.com\/index.php\/wp-json\/wp\/v2\/tags?post=3738"}],"curies":[{"name":"wp","href":"https:\/\/api.w.org\/{rel}","templated":true}]}}