{"id":3758,"date":"2025-09-09T16:30:08","date_gmt":"2025-09-09T20:30:08","guid":{"rendered":"https:\/\/radiopoloniawinnipeg.com\/index.php\/2025\/09\/09\/granica-z-bialorusia-zamknieta-firmy-z-podlasia-bija-na-alarm\/"},"modified":"2025-09-09T16:30:08","modified_gmt":"2025-09-09T20:30:08","slug":"granica-z-bialorusia-zamknieta-firmy-z-podlasia-bija-na-alarm","status":"publish","type":"post","link":"https:\/\/radiopoloniawinnipeg.com\/index.php\/2025\/09\/09\/granica-z-bialorusia-zamknieta-firmy-z-podlasia-bija-na-alarm\/","title":{"rendered":"Granica z Bia\u0142orusi\u0105 zamkni\u0119ta. Firmy z Podlasia bij\u0105 na alarm"},"content":{"rendered":"<p><img decoding=\"async\" loading=\"lazy\" class=\"aligncenter size-custom-full-size wp-image-222692\" src=\"https:\/\/bejsment.com\/wp-content\/uploads\/2025\/09\/aatusk-636x478.jpg\" alt=\"\" width=\"636\" height=\"478\" \/><\/p>\n<p><strong>Premier Donald Tusk poinformowa\u0142 we wtorek o zamkni\u0119ciu granicy z Bia\u0142orusi\u0105 \u2013 tak\u017ce przej\u015b\u0107 kolejowych \u2013 od czwartku o p\u00f3\u0142nocy. Decyzja zwi\u0105zana jest z manewrami wojskowymi Zapad, kt\u00f3re Rosja i Bia\u0142oru\u015b przeprowadz\u0105 tu\u017c przy polskiej granicy.<\/strong><\/p>\n<p>\u2013 W pi\u0105tek rozpoczynaj\u0105 si\u0119 bardzo agresywne z punktu widzenia doktryny wojskowej manewry rosyjsko-bia\u0142oruskie. Nasz\u0105 odpowiedzi\u0105 s\u0105 dzia\u0142ania polskiego wojska i sojusznik\u00f3w \u2013 m\u00f3wi\u0142 premier przed posiedzeniem rz\u0105du.<\/p>\n<p>Przedsi\u0119biorcy z region\u00f3w przygranicznych nie kryj\u0105 obaw. Zamkni\u0119cie przej\u015b\u0107 \u2013 ich zdaniem \u2013 mo\u017ce uderzy\u0107 w lokalne firmy, kt\u00f3re ju\u017c teraz zmagaj\u0105 si\u0119 z trudno\u015bciami. \u2013 Mamy cich\u0105 nadziej\u0119, \u017ce to tylko na czas 12\u201316 wrze\u015bnia, ale boimy si\u0119, \u017ce potrwa d\u0142u\u017cej. Dla nas to \u015bmier\u0107 g\u0142odowa \u2013 podkre\u015bla Mateusz Grygoruk z Porozumienia Polskich Przedsi\u0119biorc\u00f3w \u201eZjednoczony Wsch\u00f3d\u201d.<\/p>\n<p>Krytykuje te\u017c brak wsparcia dla podlaskich biznes\u00f3w. Jak m\u00f3wi, s\u0142ynna \u201eTarcza Wsch\u00f3d\u201d realizowana jest g\u0142\u00f3wnie przez firmy spoza regionu, a dost\u0119p do funduszy i po\u017cyczek preferencyjnych jest bardzo ograniczony. \u2013 Dla naszego regionu nie ma nic. Je\u015bli zamkni\u0119cie granicy przed\u0142u\u017cy si\u0119 poza kilka dni, nie mamy szans na utrzymanie rodzin, pracownik\u00f3w ani firm. To b\u0119dzie koniec \u2013 ostrzega przedsi\u0119biorca.<\/p>\n<p style=\"text-align: right\"><em>Na podst. i.Pl<\/em><\/p>\n","protected":false},"excerpt":{"rendered":"<p>Premier Donald Tusk poinformowa\u0142 we wtorek o zamkni\u0119ciu granicy z Bia\u0142orusi\u0105 \u2013 tak\u017ce przej\u015b\u0107 kolejowych \u2013 od czwartku o p\u00f3\u0142nocy. Decyzja zwi\u0105zana jest z manewrami&hellip;<\/p>\n","protected":false},"author":3,"featured_media":3759,"comment_status":"open","ping_status":"open","sticky":false,"template":"","format":"standard","meta":{"footnotes":""},"categories":[14,18],"tags":[],"class_list":["post-3758","post","type-post","status-publish","format-standard","has-post-thumbnail","hentry","category-polska","category-top-news"],"_links":{"self":[{"href":"https:\/\/radiopoloniawinnipeg.com\/index.php\/wp-json\/wp\/v2\/posts\/3758","targetHints":{"allow":["GET"]}}],"collection":[{"href":"https:\/\/radiopoloniawinnipeg.com\/index.php\/wp-json\/wp\/v2\/posts"}],"about":[{"href":"https:\/\/radiopoloniawinnipeg.com\/index.php\/wp-json\/wp\/v2\/types\/post"}],"author":[{"embeddable":true,"href":"https:\/\/radiopoloniawinnipeg.com\/index.php\/wp-json\/wp\/v2\/users\/3"}],"replies":[{"embeddable":true,"href":"https:\/\/radiopoloniawinnipeg.com\/index.php\/wp-json\/wp\/v2\/comments?post=3758"}],"version-history":[{"count":0,"href":"https:\/\/radiopoloniawinnipeg.com\/index.php\/wp-json\/wp\/v2\/posts\/3758\/revisions"}],"wp:featuredmedia":[{"embeddable":true,"href":"https:\/\/radiopoloniawinnipeg.com\/index.php\/wp-json\/wp\/v2\/media\/3759"}],"wp:attachment":[{"href":"https:\/\/radiopoloniawinnipeg.com\/index.php\/wp-json\/wp\/v2\/media?parent=3758"}],"wp:term":[{"taxonomy":"category","embeddable":true,"href":"https:\/\/radiopoloniawinnipeg.com\/index.php\/wp-json\/wp\/v2\/categories?post=3758"},{"taxonomy":"post_tag","embeddable":true,"href":"https:\/\/radiopoloniawinnipeg.com\/index.php\/wp-json\/wp\/v2\/tags?post=3758"}],"curies":[{"name":"wp","href":"https:\/\/api.w.org\/{rel}","templated":true}]}}